{"id":17167,"date":"2020-11-23T10:29:49","date_gmt":"2020-11-23T09:29:49","guid":{"rendered":"https:\/\/www.invenio.net\/de\/?p=17167"},"modified":"2024-05-31T09:11:04","modified_gmt":"2024-05-31T07:11:04","slug":"soziales-engagement-cent-fuer-cent","status":"publish","type":"post","link":"https:\/\/www.invenio.net\/de\/blog\/2020\/11\/23\/soziales-engagement-cent-fuer-cent\/","title":{"rendered":"Soziales Engagement \u2013 Cent f\u00fcr Cent"},"content":{"rendered":"<p><strong>Mitarbeiterinnen und Mitarbeiter von invenio spenden gleich zweifach<\/strong><\/p>\n<p>Ein ganzes Jahr lang sind monatlich die Nachkommastellen des Gehaltes von allen teilnehmenden Mitarbeiterinnen und Mitarbeitern f\u00fcr einen guten Zweck gesammelt worden. Wem die zusammengetragene Summe \u00fcbergeben worden ist, haben unsere Mitarbeiterinnen und Mitarbeiter in einer Umfrage entschieden. Aus dieser Bewertung sind zwei Organisationen hervorgegangen, die sehr nah beieinandergelegen haben. Deshalb unterst\u00fctzt der Engineering- und Technologiepartner in diesem Jahr nicht nur ein, sondern gleich zwei gemeinn\u00fctzige Projekte.<\/p>\n<p>Sowohl die Stiftung '<a href=\"https:\/\/www.kinderhospiz-muenchen.de\/\" target=\"_blank\" rel=\"noopener noreferrer\">Ambulantes Kinderhospiz M\u00fcnchen<\/a>' als auch die '<a href=\"https:\/\/www.mehr-chancengleichheit.de\/\" target=\"_blank\" rel=\"noopener noreferrer\">Alfred Keschtges Stiftung<\/a>' freuen sich sehr \u00fcber die Zuwendung. Insgesamt ist eine Summe von 1.321,38 Euro zusammengekommen, die seitens invenio auf 1.500 Euro aufgerundet und von unserem Vorstand Herrn Wi\u00dfler privat auf 3.000 \u20ac verdoppelt worden ist, um f\u00fcr beide Institutionen die gleichen M\u00f6glichkeiten bereitzustellen. Am 13. November 2020 ist die Spenden\u00fcbergabe an beide Organisationen erfolgt.<\/p>\n<p><strong>Stiftung 'Ambulantes Kinderhospiz M\u00fcnchen'<\/strong><\/p>\n<div id=\"attachment_46214\" style=\"width: 310px\" class=\"wp-caption alignleft\"><a href=\"https:\/\/www.invenio.net\/wp-content\/uploads\/20201123_Gehaltsspende_2_.jpg\"><img loading=\"lazy\" decoding=\"async\" aria-describedby=\"caption-attachment-46214\" class=\"wp-image-46214 size-medium\" src=\"https:\/\/www.invenio.net\/wp-content\/uploads\/20201123_Gehaltsspende_2_-300x234.jpg\" alt=\"Spenden\u00fcbergabe Kinderhospiz M\u00fcchen\" width=\"300\" height=\"234\" srcset=\"https:\/\/www.invenio.net\/wp-content\/uploads\/20201123_Gehaltsspende_2_-300x234.jpg 300w, https:\/\/www.invenio.net\/wp-content\/uploads\/20201123_Gehaltsspende_2_-239x187.jpg 239w, https:\/\/www.invenio.net\/wp-content\/uploads\/20201123_Gehaltsspende_2_.jpg 558w\" sizes=\"auto, (max-width: 300px) 100vw, 300px\" \/><\/a><p id=\"caption-attachment-46214\" class=\"wp-caption-text\">Symbolische Scheck\u00fcbergabe durch Ulf B\u00f6hrnsen von invenio an die Stiftung 'Ambulantes Kinderhospiz M\u00fcnchen'<\/p><\/div>\n<p>Das in M\u00fcnchen ans\u00e4ssige Kinderhospiz betreut Familien mit schwerstkranken Neugeborenen, Kindern, Jugendlichen und jungen Erwachsenen in M\u00fcnchen und ganz Bayern. Ebenso begleitet werden Familien, denen die Geburt eines erkrankten Kindes bevorsteht. Ulf B\u00f6hrnsen, Head of Communication HR and Strategy am invenio-Standort in M\u00fcnchen hat als Vertreter der Belegschaft die ehrenvolle Aufgabe \u00fcbernommen, den symbolischen Spendenscheck zu \u00fcberreichen.<\/p>\n<p>Wir freuen uns, eine solch wichtige Institution mit unserer Spende unterst\u00fctzen zu k\u00f6nnen \u2013 eine schwere Krankheit ist f\u00fcr die Familie eine wahre Herausforderung, die jeder m\u00f6glichen Hilfe bedarf.<\/p>\n<p><strong>Stiftung des invenio-Firmengr\u00fcnders<\/strong><\/p>\n<p>Mit der 'Alfred Keschtges Stiftung' handelt es sich um ein Herzensprojekt aus den eigenen Reihen. Herr Alfred Keschtges, Firmengr\u00fcnder von invenio, hat die Stiftung mit dem Leitgedanken 'f\u00fcr mehr Chancengleichheit benachteiligter Kinder und Jugendlicher' ins Leben gerufen. Der Scheck ist ihm von invenio-Vorstand Kai. F. Wi\u00dfler in R\u00fcsselsheim \u00fcbergeben worden.<\/p>\n<div id=\"attachment_46212\" style=\"width: 310px\" class=\"wp-caption alignleft\"><a href=\"https:\/\/www.invenio.net\/wp-content\/uploads\/20201123_Gehaltsspende_1.jpg\"><img loading=\"lazy\" decoding=\"async\" aria-describedby=\"caption-attachment-46212\" class=\"wp-image-46212 size-medium\" src=\"https:\/\/www.invenio.net\/wp-content\/uploads\/20201123_Gehaltsspende_1-300x234.jpg\" alt=\"Spenden\u00fcbergabe Alfred Keschtges Stiftung\" width=\"300\" height=\"234\" srcset=\"https:\/\/www.invenio.net\/wp-content\/uploads\/20201123_Gehaltsspende_1-300x234.jpg 300w, https:\/\/www.invenio.net\/wp-content\/uploads\/20201123_Gehaltsspende_1-239x187.jpg 239w, https:\/\/www.invenio.net\/wp-content\/uploads\/20201123_Gehaltsspende_1.jpg 558w\" sizes=\"auto, (max-width: 300px) 100vw, 300px\" \/><\/a><p id=\"caption-attachment-46212\" class=\"wp-caption-text\">Symbolische Scheck\u00fcbergabe durch Kai F. Wi\u00dfler, Vorstand der invenio AG an Alfred Keschtges<\/p><\/div>\n<p>Die Organisation legt gro\u00dfen Wert auf Individualit\u00e4t und betreut die Stiftungskinder \u00fcber das schulische Lernen hinaus. Ein guter Schulabschluss ist f\u00fcr ein erfolgreiches Leben innerhalb unserer Gesellschaft wichtig. Daher erhalten die Projektteilnehmer regelm\u00e4\u00dfig Nachhilfe, Grundlagentraining in den Hauptf\u00e4chern und individuelle Unterst\u00fctzung. Abgerundet wird das Programm durch zahlreiche Exkursionen, Ferienprogramme und sonstige Aktivit\u00e4ten, die die Teilnehmer immer wieder \u00fcber den Tellerrand schauen lassen. Dieses Programm findet seit diesem Sommer endlich auch in den stiftungseigenen R\u00e4umlichkeiten in Mainz statt.<\/p>\n<p>Mit unserer Spende m\u00f6chten wir verdeutlichen, dass wir bei invenio \u00fcber die Grenzen der t\u00e4glichen Arbeit hinaus f\u00fcreinander einstehen und gemeinschaftlich sowie geschlossen an einem Strang ziehen.<\/p>\n","protected":false},"excerpt":{"rendered":"<p><strong>Mitarbeiterinnen und Mitarbeiter von invenio spenden gleich zweifach<\/strong><\/p>\n<p>Ein ganzes Jahr lang sind monatlich die Nachkommastellen des Gehaltes von allen teilnehmenden Mitarbeiterinnen und Mitarbeitern f\u00fcr einen guten Zweck gesammelt worden. Wem die zusammengetragene Summe \u00fcbergeben worden ist, haben unsere Mitarbeiterinnen und Mitarbeiter in einer Umfrage entschieden. <\/p>\n","protected":false},"author":3,"featured_media":0,"comment_status":"closed","ping_status":"closed","sticky":false,"template":"","format":"standard","meta":{"_acf_changed":false,"footnotes":""},"categories":[1,17],"tags":[],"class_list":["post-17167","post","type-post","status-publish","format-standard","hentry","category-allgemein","category-spenden"],"acf":[],"yoast_head":"<!-- This site is optimized with the Yoast SEO plugin v27.0 - https:\/\/yoast.com\/product\/yoast-seo-wordpress\/ -->\n<title>Soziales Engagement \u2013 Cent f\u00fcr Cent | invenio<\/title>\n<meta name=\"description\" content=\"Mitarbeiterinnen und Mitarbeiter von invenio spenden gleich zweifach. Ein Jahr lang sind monatlich die Nachkommastellen gesammelt worden.\" \/>\n<meta name=\"robots\" content=\"index, follow, max-snippet:-1, max-image-preview:large, max-video-preview:-1\" \/>\n<link rel=\"canonical\" href=\"https:\/\/www.invenio.net\/de\/blog\/2020\/11\/23\/soziales-engagement-cent-fuer-cent\/\" \/>\n<meta property=\"og:locale\" content=\"de_DE\" \/>\n<meta property=\"og:type\" content=\"article\" \/>\n<meta property=\"og:title\" content=\"Soziales Engagement \u2013 Cent f\u00fcr Cent | invenio\" \/>\n<meta property=\"og:description\" content=\"Mitarbeiterinnen und Mitarbeiter von invenio spenden gleich zweifach. Ein Jahr lang sind monatlich die Nachkommastellen gesammelt worden.\" \/>\n<meta property=\"og:url\" content=\"https:\/\/www.invenio.net\/de\/blog\/2020\/11\/23\/soziales-engagement-cent-fuer-cent\/\" \/>\n<meta property=\"og:site_name\" content=\"invenio\" \/>\n<meta property=\"article:publisher\" content=\"https:\/\/www.facebook.com\/invenio.karriere\" \/>\n<meta property=\"article:published_time\" content=\"2020-11-23T09:29:49+00:00\" \/>\n<meta property=\"article:modified_time\" content=\"2024-05-31T07:11:04+00:00\" \/>\n<meta property=\"og:image\" content=\"https:\/\/www.invenio.net\/wp-content\/uploads\/20201123_Gehaltsspende_2_-300x234.jpg\" \/>\n<meta name=\"author\" content=\"invenio\" \/>\n<meta name=\"twitter:card\" content=\"summary_large_image\" \/>\n<meta name=\"twitter:label1\" content=\"Verfasst von\" \/>\n\t<meta name=\"twitter:data1\" content=\"invenio\" \/>\n\t<meta name=\"twitter:label2\" content=\"Gesch\u00e4tzte Lesezeit\" \/>\n\t<meta name=\"twitter:data2\" content=\"3\u00a0Minuten\" \/>\n<script type=\"application\/ld+json\" class=\"yoast-schema-graph\">{\"@context\":\"https:\/\/schema.org\",\"@graph\":[{\"@type\":\"Article\",\"@id\":\"https:\/\/www.invenio.net\/de\/blog\/2020\/11\/23\/soziales-engagement-cent-fuer-cent\/#article\",\"isPartOf\":{\"@id\":\"https:\/\/www.invenio.net\/de\/blog\/2020\/11\/23\/soziales-engagement-cent-fuer-cent\/\"},\"author\":{\"name\":\"invenio\",\"@id\":\"https:\/\/www.invenio.net\/de\/#\/schema\/person\/3387b3eb69364567c80575f768287b10\"},\"headline\":\"Soziales Engagement \u2013 Cent f\u00fcr Cent\",\"datePublished\":\"2020-11-23T09:29:49+00:00\",\"dateModified\":\"2024-05-31T07:11:04+00:00\",\"mainEntityOfPage\":{\"@id\":\"https:\/\/www.invenio.net\/de\/blog\/2020\/11\/23\/soziales-engagement-cent-fuer-cent\/\"},\"wordCount\":465,\"publisher\":{\"@id\":\"https:\/\/www.invenio.net\/de\/#organization\"},\"image\":{\"@id\":\"https:\/\/www.invenio.net\/de\/blog\/2020\/11\/23\/soziales-engagement-cent-fuer-cent\/#primaryimage\"},\"thumbnailUrl\":\"https:\/\/www.invenio.net\/wp-content\/uploads\/20201123_Gehaltsspende_2_-300x234.jpg\",\"articleSection\":{\"1\":\"Spenden\"},\"inLanguage\":\"de\"},{\"@type\":\"WebPage\",\"@id\":\"https:\/\/www.invenio.net\/de\/blog\/2020\/11\/23\/soziales-engagement-cent-fuer-cent\/\",\"url\":\"https:\/\/www.invenio.net\/de\/blog\/2020\/11\/23\/soziales-engagement-cent-fuer-cent\/\",\"name\":\"Soziales Engagement \u2013 Cent f\u00fcr Cent | invenio\",\"isPartOf\":{\"@id\":\"https:\/\/www.invenio.net\/de\/#website\"},\"primaryImageOfPage\":{\"@id\":\"https:\/\/www.invenio.net\/de\/blog\/2020\/11\/23\/soziales-engagement-cent-fuer-cent\/#primaryimage\"},\"image\":{\"@id\":\"https:\/\/www.invenio.net\/de\/blog\/2020\/11\/23\/soziales-engagement-cent-fuer-cent\/#primaryimage\"},\"thumbnailUrl\":\"https:\/\/www.invenio.net\/wp-content\/uploads\/20201123_Gehaltsspende_2_-300x234.jpg\",\"datePublished\":\"2020-11-23T09:29:49+00:00\",\"dateModified\":\"2024-05-31T07:11:04+00:00\",\"description\":\"Mitarbeiterinnen und Mitarbeiter von invenio spenden gleich zweifach. Ein Jahr lang sind monatlich die Nachkommastellen gesammelt worden.\",\"breadcrumb\":{\"@id\":\"https:\/\/www.invenio.net\/de\/blog\/2020\/11\/23\/soziales-engagement-cent-fuer-cent\/#breadcrumb\"},\"inLanguage\":\"de\",\"potentialAction\":[{\"@type\":\"ReadAction\",\"target\":[\"https:\/\/www.invenio.net\/de\/blog\/2020\/11\/23\/soziales-engagement-cent-fuer-cent\/\"]}]},{\"@type\":\"ImageObject\",\"inLanguage\":\"de\",\"@id\":\"https:\/\/www.invenio.net\/de\/blog\/2020\/11\/23\/soziales-engagement-cent-fuer-cent\/#primaryimage\",\"url\":\"https:\/\/www.invenio.net\/wp-content\/uploads\/20201123_Gehaltsspende_2_-300x234.jpg\",\"contentUrl\":\"https:\/\/www.invenio.net\/wp-content\/uploads\/20201123_Gehaltsspende_2_-300x234.jpg\"},{\"@type\":\"BreadcrumbList\",\"@id\":\"https:\/\/www.invenio.net\/de\/blog\/2020\/11\/23\/soziales-engagement-cent-fuer-cent\/#breadcrumb\",\"itemListElement\":[{\"@type\":\"ListItem\",\"position\":1,\"name\":\"Startseite\",\"item\":\"https:\/\/www.invenio.net\/de\/\"},{\"@type\":\"ListItem\",\"position\":2,\"name\":\"Allgemein\",\"item\":\"https:\/\/www.invenio.net\/de\/blog\/category\/allgemein\/\"},{\"@type\":\"ListItem\",\"position\":3,\"name\":\"Soziales Engagement \u2013 Cent f\u00fcr Cent\"}]},{\"@type\":\"WebSite\",\"@id\":\"https:\/\/www.invenio.net\/de\/#website\",\"url\":\"https:\/\/www.invenio.net\/de\/\",\"name\":\"invenio\",\"description\":\"\",\"publisher\":{\"@id\":\"https:\/\/www.invenio.net\/de\/#organization\"},\"potentialAction\":[{\"@type\":\"SearchAction\",\"target\":{\"@type\":\"EntryPoint\",\"urlTemplate\":\"https:\/\/www.invenio.net\/de\/?s={search_term_string}\"},\"query-input\":{\"@type\":\"PropertyValueSpecification\",\"valueRequired\":true,\"valueName\":\"search_term_string\"}}],\"inLanguage\":\"de\"},{\"@type\":\"Organization\",\"@id\":\"https:\/\/www.invenio.net\/de\/#organization\",\"name\":\"invenio AG\",\"url\":\"https:\/\/www.invenio.net\/de\/\",\"logo\":{\"@type\":\"ImageObject\",\"inLanguage\":\"de\",\"@id\":\"https:\/\/www.invenio.net\/de\/#\/schema\/logo\/image\/\",\"url\":\"https:\/\/www.invenio.net\/wp-content\/uploads\/Logo_invenio_Website_Weissraum.svg\",\"contentUrl\":\"https:\/\/www.invenio.net\/wp-content\/uploads\/Logo_invenio_Website_Weissraum.svg\",\"width\":1,\"height\":1,\"caption\":\"invenio AG\"},\"image\":{\"@id\":\"https:\/\/www.invenio.net\/de\/#\/schema\/logo\/image\/\"},\"sameAs\":[\"https:\/\/www.facebook.com\/invenio.karriere\",\"https:\/\/www.instagram.com\/invenio.ag\",\"https:\/\/de.linkedin.com\/company\/invenio-ag\"]},{\"@type\":\"Person\",\"@id\":\"https:\/\/www.invenio.net\/de\/#\/schema\/person\/3387b3eb69364567c80575f768287b10\",\"name\":\"invenio\",\"image\":{\"@type\":\"ImageObject\",\"inLanguage\":\"de\",\"@id\":\"https:\/\/www.invenio.net\/de\/#\/schema\/person\/image\/\",\"url\":\"https:\/\/secure.gravatar.com\/avatar\/bd92291d876dd89ec5267bbf47f7c5ae2bd9fb7bea0bfde563ec2d4b3bd35639?s=96&d=mm&r=g\",\"contentUrl\":\"https:\/\/secure.gravatar.com\/avatar\/bd92291d876dd89ec5267bbf47f7c5ae2bd9fb7bea0bfde563ec2d4b3bd35639?s=96&d=mm&r=g\",\"caption\":\"invenio\"},\"url\":\"https:\/\/www.invenio.net\/de\/blog\/author\/invenio\/\"}]}<\/script>\n<!-- \/ Yoast SEO plugin. -->","yoast_head_json":{"title":"Soziales Engagement \u2013 Cent f\u00fcr Cent | invenio","description":"Mitarbeiterinnen und Mitarbeiter von invenio spenden gleich zweifach. Ein Jahr lang sind monatlich die Nachkommastellen gesammelt worden.","robots":{"index":"index","follow":"follow","max-snippet":"max-snippet:-1","max-image-preview":"max-image-preview:large","max-video-preview":"max-video-preview:-1"},"canonical":"https:\/\/www.invenio.net\/de\/blog\/2020\/11\/23\/soziales-engagement-cent-fuer-cent\/","og_locale":"de_DE","og_type":"article","og_title":"Soziales Engagement \u2013 Cent f\u00fcr Cent | invenio","og_description":"Mitarbeiterinnen und Mitarbeiter von invenio spenden gleich zweifach. Ein Jahr lang sind monatlich die Nachkommastellen gesammelt worden.","og_url":"https:\/\/www.invenio.net\/de\/blog\/2020\/11\/23\/soziales-engagement-cent-fuer-cent\/","og_site_name":"invenio","article_publisher":"https:\/\/www.facebook.com\/invenio.karriere","article_published_time":"2020-11-23T09:29:49+00:00","article_modified_time":"2024-05-31T07:11:04+00:00","og_image":[{"url":"https:\/\/www.invenio.net\/wp-content\/uploads\/20201123_Gehaltsspende_2_-300x234.jpg","type":"","width":"","height":""}],"author":"invenio","twitter_card":"summary_large_image","twitter_misc":{"Verfasst von":"invenio","Gesch\u00e4tzte Lesezeit":"3\u00a0Minuten"},"schema":{"@context":"https:\/\/schema.org","@graph":[{"@type":"Article","@id":"https:\/\/www.invenio.net\/de\/blog\/2020\/11\/23\/soziales-engagement-cent-fuer-cent\/#article","isPartOf":{"@id":"https:\/\/www.invenio.net\/de\/blog\/2020\/11\/23\/soziales-engagement-cent-fuer-cent\/"},"author":{"name":"invenio","@id":"https:\/\/www.invenio.net\/de\/#\/schema\/person\/3387b3eb69364567c80575f768287b10"},"headline":"Soziales Engagement \u2013 Cent f\u00fcr Cent","datePublished":"2020-11-23T09:29:49+00:00","dateModified":"2024-05-31T07:11:04+00:00","mainEntityOfPage":{"@id":"https:\/\/www.invenio.net\/de\/blog\/2020\/11\/23\/soziales-engagement-cent-fuer-cent\/"},"wordCount":465,"publisher":{"@id":"https:\/\/www.invenio.net\/de\/#organization"},"image":{"@id":"https:\/\/www.invenio.net\/de\/blog\/2020\/11\/23\/soziales-engagement-cent-fuer-cent\/#primaryimage"},"thumbnailUrl":"https:\/\/www.invenio.net\/wp-content\/uploads\/20201123_Gehaltsspende_2_-300x234.jpg","articleSection":{"1":"Spenden"},"inLanguage":"de"},{"@type":"WebPage","@id":"https:\/\/www.invenio.net\/de\/blog\/2020\/11\/23\/soziales-engagement-cent-fuer-cent\/","url":"https:\/\/www.invenio.net\/de\/blog\/2020\/11\/23\/soziales-engagement-cent-fuer-cent\/","name":"Soziales Engagement \u2013 Cent f\u00fcr Cent | invenio","isPartOf":{"@id":"https:\/\/www.invenio.net\/de\/#website"},"primaryImageOfPage":{"@id":"https:\/\/www.invenio.net\/de\/blog\/2020\/11\/23\/soziales-engagement-cent-fuer-cent\/#primaryimage"},"image":{"@id":"https:\/\/www.invenio.net\/de\/blog\/2020\/11\/23\/soziales-engagement-cent-fuer-cent\/#primaryimage"},"thumbnailUrl":"https:\/\/www.invenio.net\/wp-content\/uploads\/20201123_Gehaltsspende_2_-300x234.jpg","datePublished":"2020-11-23T09:29:49+00:00","dateModified":"2024-05-31T07:11:04+00:00","description":"Mitarbeiterinnen und Mitarbeiter von invenio spenden gleich zweifach. Ein Jahr lang sind monatlich die Nachkommastellen gesammelt worden.","breadcrumb":{"@id":"https:\/\/www.invenio.net\/de\/blog\/2020\/11\/23\/soziales-engagement-cent-fuer-cent\/#breadcrumb"},"inLanguage":"de","potentialAction":[{"@type":"ReadAction","target":["https:\/\/www.invenio.net\/de\/blog\/2020\/11\/23\/soziales-engagement-cent-fuer-cent\/"]}]},{"@type":"ImageObject","inLanguage":"de","@id":"https:\/\/www.invenio.net\/de\/blog\/2020\/11\/23\/soziales-engagement-cent-fuer-cent\/#primaryimage","url":"https:\/\/www.invenio.net\/wp-content\/uploads\/20201123_Gehaltsspende_2_-300x234.jpg","contentUrl":"https:\/\/www.invenio.net\/wp-content\/uploads\/20201123_Gehaltsspende_2_-300x234.jpg"},{"@type":"BreadcrumbList","@id":"https:\/\/www.invenio.net\/de\/blog\/2020\/11\/23\/soziales-engagement-cent-fuer-cent\/#breadcrumb","itemListElement":[{"@type":"ListItem","position":1,"name":"Startseite","item":"https:\/\/www.invenio.net\/de\/"},{"@type":"ListItem","position":2,"name":"Allgemein","item":"https:\/\/www.invenio.net\/de\/blog\/category\/allgemein\/"},{"@type":"ListItem","position":3,"name":"Soziales Engagement \u2013 Cent f\u00fcr Cent"}]},{"@type":"WebSite","@id":"https:\/\/www.invenio.net\/de\/#website","url":"https:\/\/www.invenio.net\/de\/","name":"invenio","description":"","publisher":{"@id":"https:\/\/www.invenio.net\/de\/#organization"},"potentialAction":[{"@type":"SearchAction","target":{"@type":"EntryPoint","urlTemplate":"https:\/\/www.invenio.net\/de\/?s={search_term_string}"},"query-input":{"@type":"PropertyValueSpecification","valueRequired":true,"valueName":"search_term_string"}}],"inLanguage":"de"},{"@type":"Organization","@id":"https:\/\/www.invenio.net\/de\/#organization","name":"invenio AG","url":"https:\/\/www.invenio.net\/de\/","logo":{"@type":"ImageObject","inLanguage":"de","@id":"https:\/\/www.invenio.net\/de\/#\/schema\/logo\/image\/","url":"https:\/\/www.invenio.net\/wp-content\/uploads\/Logo_invenio_Website_Weissraum.svg","contentUrl":"https:\/\/www.invenio.net\/wp-content\/uploads\/Logo_invenio_Website_Weissraum.svg","width":1,"height":1,"caption":"invenio AG"},"image":{"@id":"https:\/\/www.invenio.net\/de\/#\/schema\/logo\/image\/"},"sameAs":["https:\/\/www.facebook.com\/invenio.karriere","https:\/\/www.instagram.com\/invenio.ag","https:\/\/de.linkedin.com\/company\/invenio-ag"]},{"@type":"Person","@id":"https:\/\/www.invenio.net\/de\/#\/schema\/person\/3387b3eb69364567c80575f768287b10","name":"invenio","image":{"@type":"ImageObject","inLanguage":"de","@id":"https:\/\/www.invenio.net\/de\/#\/schema\/person\/image\/","url":"https:\/\/secure.gravatar.com\/avatar\/bd92291d876dd89ec5267bbf47f7c5ae2bd9fb7bea0bfde563ec2d4b3bd35639?s=96&d=mm&r=g","contentUrl":"https:\/\/secure.gravatar.com\/avatar\/bd92291d876dd89ec5267bbf47f7c5ae2bd9fb7bea0bfde563ec2d4b3bd35639?s=96&d=mm&r=g","caption":"invenio"},"url":"https:\/\/www.invenio.net\/de\/blog\/author\/invenio\/"}]}},"_links":{"self":[{"href":"https:\/\/www.invenio.net\/de\/wp-json\/wp\/v2\/posts\/17167","targetHints":{"allow":["GET"]}}],"collection":[{"href":"https:\/\/www.invenio.net\/de\/wp-json\/wp\/v2\/posts"}],"about":[{"href":"https:\/\/www.invenio.net\/de\/wp-json\/wp\/v2\/types\/post"}],"author":[{"embeddable":true,"href":"https:\/\/www.invenio.net\/de\/wp-json\/wp\/v2\/users\/3"}],"replies":[{"embeddable":true,"href":"https:\/\/www.invenio.net\/de\/wp-json\/wp\/v2\/comments?post=17167"}],"version-history":[{"count":4,"href":"https:\/\/www.invenio.net\/de\/wp-json\/wp\/v2\/posts\/17167\/revisions"}],"predecessor-version":[{"id":47162,"href":"https:\/\/www.invenio.net\/de\/wp-json\/wp\/v2\/posts\/17167\/revisions\/47162"}],"wp:attachment":[{"href":"https:\/\/www.invenio.net\/de\/wp-json\/wp\/v2\/media?parent=17167"}],"wp:term":[{"taxonomy":"category","embeddable":true,"href":"https:\/\/www.invenio.net\/de\/wp-json\/wp\/v2\/categories?post=17167"},{"taxonomy":"post_tag","embeddable":true,"href":"https:\/\/www.invenio.net\/de\/wp-json\/wp\/v2\/tags?post=17167"}],"curies":[{"name":"wp","href":"https:\/\/api.w.org\/{rel}","templated":true}]}}