{"id":8292,"date":"2019-10-30T11:34:10","date_gmt":"2019-10-30T10:34:10","guid":{"rendered":"https:\/\/www-relaunch.invenio.net\/de\/?p=8292"},"modified":"2024-06-05T14:47:46","modified_gmt":"2024-06-05T12:47:46","slug":"mit-kognitiven-technologien-die-digitalisierung-vorantreiben","status":"publish","type":"post","link":"https:\/\/www.invenio.net\/de\/blog\/2019\/10\/30\/mit-kognitiven-technologien-die-digitalisierung-vorantreiben\/","title":{"rendered":"Mit kognitiven Technologien die Digitalisierung vorantreiben"},"content":{"rendered":"<p><strong><span style=\"font-family: arial, helvetica, sans-serif\">Neue Homepage setzt Schwerpunkt auf kognitive Technologien<\/span><\/strong><\/p>\n<div id=\"attachment_46294\" style=\"width: 310px\" class=\"wp-caption alignleft\"><a href=\"https:\/\/www.invenio.net\/wp-content\/uploads\/20200706_Cognitive-Technologies.jpg\"><img loading=\"lazy\" decoding=\"async\" aria-describedby=\"caption-attachment-46294\" class=\"wp-image-46294 size-medium\" src=\"https:\/\/www.invenio.net\/wp-content\/uploads\/20200706_Cognitive-Technologies-300x234.jpg\" alt=\"invenio Cognitive Technologies\" width=\"300\" height=\"234\" srcset=\"https:\/\/www.invenio.net\/wp-content\/uploads\/20200706_Cognitive-Technologies-300x234.jpg 300w, https:\/\/www.invenio.net\/wp-content\/uploads\/20200706_Cognitive-Technologies-239x187.jpg 239w, https:\/\/www.invenio.net\/wp-content\/uploads\/20200706_Cognitive-Technologies.jpg 558w\" sizes=\"auto, (max-width: 300px) 100vw, 300px\" \/><\/a><p id=\"caption-attachment-46294\" class=\"wp-caption-text\">Digitalisierung<\/p><\/div>\n<p><span style=\"font-family: arial, helvetica, sans-serif\">Am 21. Oktober 2019 hat die \u00a0mittels einer eigenen <a class=\"external-link-new-window\" title=\"invenio Cognitive Technologies GmbH\" href=\"https:\/\/ct.invenio.net\/\" target=\"_blank\" rel=\"noopener noreferrer\">Microsite<\/a>\u00a0die T\u00e4tigkeitsbereiche sowie Kompetenzen der Gesch\u00e4ftseinheit n\u00e4her beschrieben. Jetzt ist es Vertretern des \u00f6ffentlichen und privaten Lebens jederzeit m\u00f6glich, in das Leistungsportfolio einzutauchen und an den Entwicklungen und Trends teilzuhaben.<\/span><\/p>\n<p><span style=\"font-family: arial, helvetica, sans-serif\">Die im Jahr 2018 gegr\u00fcndete Tochter-Gesellschaft der invenio AG ist ein kompetenter Partner bei Fragestellungen rund um 'Internet of Things', 'K\u00fcnstliche Intelligenz\u2018, 'Digitalisierung' und 'Industrie 4.0'. Die invenio-Expertinnen und Experten unterst\u00fctzen Unternehmen, die Digitalisierung von Maschinen, Anlagen und Prozessen auszubauen und somit die digitale Transformation voranzutreiben. Zur Expertise des hochqualifizierten Teams geh\u00f6ren sowohl Beratungsleistungen im Rahmen der digitalen Organisations- und L\u00f6sungsentwicklung sowie Hilfestellungen zu Fragen wie Edge Devices, Cloud Computing, Cognitive Analytics oder Big Data, als auch die Entwicklung und Vermarktung von kognitiven Systemen f\u00fcr Industrieanwendungen und das Gesundheits- bzw. Wohlfahrtswesen.<\/span><\/p>\n<p><span style=\"font-family: arial, helvetica, sans-serif\">Starten Sie mit invenio und deren kognitiven L\u00f6sungen in die Welt der Digitalisierung, nehmen Sie die digitale Herausforderung an und erreichen Sie mit uns \u2013 gemeinsam im Rahmen eines auf Ihre Anforderungen abgestimmten Entwicklungs- und Wachstumspfades \u2013 Ihre strategischen Ziele.<\/span><\/p>\n","protected":false},"excerpt":{"rendered":"<p><strong>Neue Homepage setzt Schwerpunkt auf kognitive Technologien<\/strong><\/p>\n<p>Am 21. Oktober 2019 hat die invenio Cognitive Technologies GmbH mittels einer eigenen Microsite die T\u00e4tigkeitsbereiche der Gesch\u00e4ftseinheit n\u00e4her beschrieben. <\/p>\n","protected":false},"author":3,"featured_media":0,"comment_status":"closed","ping_status":"closed","sticky":false,"template":"","format":"standard","meta":{"_acf_changed":false,"footnotes":""},"categories":[193],"tags":[],"class_list":["post-8292","post","type-post","status-publish","format-standard","hentry","category-general"],"acf":[],"yoast_head":"<!-- This site is optimized with the Yoast SEO plugin v27.0 - https:\/\/yoast.com\/product\/yoast-seo-wordpress\/ -->\n<title>Digitalisierung vorantreiben | invenio<\/title>\n<meta name=\"description\" content=\"invenio Cognitive Technologies GmbH hat mittels einer eigenen Microsite die T\u00e4tigkeitsbereiche sowie Kompetenzen n\u00e4her beschrieben.\" \/>\n<meta name=\"robots\" content=\"index, follow, max-snippet:-1, max-image-preview:large, max-video-preview:-1\" \/>\n<link rel=\"canonical\" href=\"https:\/\/www.invenio.net\/de\/blog\/2019\/10\/30\/mit-kognitiven-technologien-die-digitalisierung-vorantreiben\/\" \/>\n<meta property=\"og:locale\" content=\"de_DE\" \/>\n<meta property=\"og:type\" content=\"article\" \/>\n<meta property=\"og:title\" content=\"Digitalisierung vorantreiben | invenio\" \/>\n<meta property=\"og:description\" content=\"invenio Cognitive Technologies GmbH hat mittels einer eigenen Microsite die T\u00e4tigkeitsbereiche sowie Kompetenzen n\u00e4her beschrieben.\" \/>\n<meta property=\"og:url\" content=\"https:\/\/www.invenio.net\/de\/blog\/2019\/10\/30\/mit-kognitiven-technologien-die-digitalisierung-vorantreiben\/\" \/>\n<meta property=\"og:site_name\" content=\"invenio\" \/>\n<meta property=\"article:publisher\" content=\"https:\/\/www.facebook.com\/invenio.karriere\" \/>\n<meta property=\"article:published_time\" content=\"2019-10-30T10:34:10+00:00\" \/>\n<meta property=\"article:modified_time\" content=\"2024-06-05T12:47:46+00:00\" \/>\n<meta property=\"og:image\" content=\"https:\/\/www.invenio.net\/wp-content\/uploads\/20200706_Cognitive-Technologies-300x234.jpg\" \/>\n<meta name=\"author\" content=\"invenio\" \/>\n<meta name=\"twitter:card\" content=\"summary_large_image\" \/>\n<meta name=\"twitter:label1\" content=\"Verfasst von\" \/>\n\t<meta name=\"twitter:data1\" content=\"invenio\" \/>\n\t<meta name=\"twitter:label2\" content=\"Gesch\u00e4tzte Lesezeit\" \/>\n\t<meta name=\"twitter:data2\" content=\"2\u00a0Minuten\" \/>\n<script type=\"application\/ld+json\" class=\"yoast-schema-graph\">{\"@context\":\"https:\/\/schema.org\",\"@graph\":[{\"@type\":\"Article\",\"@id\":\"https:\/\/www.invenio.net\/de\/blog\/2019\/10\/30\/mit-kognitiven-technologien-die-digitalisierung-vorantreiben\/#article\",\"isPartOf\":{\"@id\":\"https:\/\/www.invenio.net\/de\/blog\/2019\/10\/30\/mit-kognitiven-technologien-die-digitalisierung-vorantreiben\/\"},\"author\":{\"name\":\"invenio\",\"@id\":\"https:\/\/www.invenio.net\/de\/#\/schema\/person\/3387b3eb69364567c80575f768287b10\"},\"headline\":\"Mit kognitiven Technologien die Digitalisierung vorantreiben\",\"datePublished\":\"2019-10-30T10:34:10+00:00\",\"dateModified\":\"2024-06-05T12:47:46+00:00\",\"mainEntityOfPage\":{\"@id\":\"https:\/\/www.invenio.net\/de\/blog\/2019\/10\/30\/mit-kognitiven-technologien-die-digitalisierung-vorantreiben\/\"},\"wordCount\":197,\"publisher\":{\"@id\":\"https:\/\/www.invenio.net\/de\/#organization\"},\"image\":{\"@id\":\"https:\/\/www.invenio.net\/de\/blog\/2019\/10\/30\/mit-kognitiven-technologien-die-digitalisierung-vorantreiben\/#primaryimage\"},\"thumbnailUrl\":\"https:\/\/www.invenio.net\/wp-content\/uploads\/20200706_Cognitive-Technologies-300x234.jpg\",\"articleSection\":[\"General\"],\"inLanguage\":\"de\"},{\"@type\":\"WebPage\",\"@id\":\"https:\/\/www.invenio.net\/de\/blog\/2019\/10\/30\/mit-kognitiven-technologien-die-digitalisierung-vorantreiben\/\",\"url\":\"https:\/\/www.invenio.net\/de\/blog\/2019\/10\/30\/mit-kognitiven-technologien-die-digitalisierung-vorantreiben\/\",\"name\":\"Digitalisierung vorantreiben | invenio\",\"isPartOf\":{\"@id\":\"https:\/\/www.invenio.net\/de\/#website\"},\"primaryImageOfPage\":{\"@id\":\"https:\/\/www.invenio.net\/de\/blog\/2019\/10\/30\/mit-kognitiven-technologien-die-digitalisierung-vorantreiben\/#primaryimage\"},\"image\":{\"@id\":\"https:\/\/www.invenio.net\/de\/blog\/2019\/10\/30\/mit-kognitiven-technologien-die-digitalisierung-vorantreiben\/#primaryimage\"},\"thumbnailUrl\":\"https:\/\/www.invenio.net\/wp-content\/uploads\/20200706_Cognitive-Technologies-300x234.jpg\",\"datePublished\":\"2019-10-30T10:34:10+00:00\",\"dateModified\":\"2024-06-05T12:47:46+00:00\",\"description\":\"invenio Cognitive Technologies GmbH hat mittels einer eigenen Microsite die T\u00e4tigkeitsbereiche sowie Kompetenzen n\u00e4her beschrieben.\",\"breadcrumb\":{\"@id\":\"https:\/\/www.invenio.net\/de\/blog\/2019\/10\/30\/mit-kognitiven-technologien-die-digitalisierung-vorantreiben\/#breadcrumb\"},\"inLanguage\":\"de\",\"potentialAction\":[{\"@type\":\"ReadAction\",\"target\":[\"https:\/\/www.invenio.net\/de\/blog\/2019\/10\/30\/mit-kognitiven-technologien-die-digitalisierung-vorantreiben\/\"]}]},{\"@type\":\"ImageObject\",\"inLanguage\":\"de\",\"@id\":\"https:\/\/www.invenio.net\/de\/blog\/2019\/10\/30\/mit-kognitiven-technologien-die-digitalisierung-vorantreiben\/#primaryimage\",\"url\":\"https:\/\/www.invenio.net\/wp-content\/uploads\/20200706_Cognitive-Technologies-300x234.jpg\",\"contentUrl\":\"https:\/\/www.invenio.net\/wp-content\/uploads\/20200706_Cognitive-Technologies-300x234.jpg\"},{\"@type\":\"BreadcrumbList\",\"@id\":\"https:\/\/www.invenio.net\/de\/blog\/2019\/10\/30\/mit-kognitiven-technologien-die-digitalisierung-vorantreiben\/#breadcrumb\",\"itemListElement\":[{\"@type\":\"ListItem\",\"position\":1,\"name\":\"Startseite\",\"item\":\"https:\/\/www.invenio.net\/de\/\"},{\"@type\":\"ListItem\",\"position\":2,\"name\":\"Mit kognitiven Technologien die Digitalisierung vorantreiben\"}]},{\"@type\":\"WebSite\",\"@id\":\"https:\/\/www.invenio.net\/de\/#website\",\"url\":\"https:\/\/www.invenio.net\/de\/\",\"name\":\"invenio\",\"description\":\"\",\"publisher\":{\"@id\":\"https:\/\/www.invenio.net\/de\/#organization\"},\"potentialAction\":[{\"@type\":\"SearchAction\",\"target\":{\"@type\":\"EntryPoint\",\"urlTemplate\":\"https:\/\/www.invenio.net\/de\/?s={search_term_string}\"},\"query-input\":{\"@type\":\"PropertyValueSpecification\",\"valueRequired\":true,\"valueName\":\"search_term_string\"}}],\"inLanguage\":\"de\"},{\"@type\":\"Organization\",\"@id\":\"https:\/\/www.invenio.net\/de\/#organization\",\"name\":\"invenio AG\",\"url\":\"https:\/\/www.invenio.net\/de\/\",\"logo\":{\"@type\":\"ImageObject\",\"inLanguage\":\"de\",\"@id\":\"https:\/\/www.invenio.net\/de\/#\/schema\/logo\/image\/\",\"url\":\"https:\/\/www.invenio.net\/wp-content\/uploads\/Logo_invenio_Website_Weissraum.svg\",\"contentUrl\":\"https:\/\/www.invenio.net\/wp-content\/uploads\/Logo_invenio_Website_Weissraum.svg\",\"width\":1,\"height\":1,\"caption\":\"invenio AG\"},\"image\":{\"@id\":\"https:\/\/www.invenio.net\/de\/#\/schema\/logo\/image\/\"},\"sameAs\":[\"https:\/\/www.facebook.com\/invenio.karriere\",\"https:\/\/www.instagram.com\/invenio.ag\",\"https:\/\/de.linkedin.com\/company\/invenio-ag\"]},{\"@type\":\"Person\",\"@id\":\"https:\/\/www.invenio.net\/de\/#\/schema\/person\/3387b3eb69364567c80575f768287b10\",\"name\":\"invenio\",\"image\":{\"@type\":\"ImageObject\",\"inLanguage\":\"de\",\"@id\":\"https:\/\/www.invenio.net\/de\/#\/schema\/person\/image\/\",\"url\":\"https:\/\/secure.gravatar.com\/avatar\/bd92291d876dd89ec5267bbf47f7c5ae2bd9fb7bea0bfde563ec2d4b3bd35639?s=96&d=mm&r=g\",\"contentUrl\":\"https:\/\/secure.gravatar.com\/avatar\/bd92291d876dd89ec5267bbf47f7c5ae2bd9fb7bea0bfde563ec2d4b3bd35639?s=96&d=mm&r=g\",\"caption\":\"invenio\"},\"url\":\"https:\/\/www.invenio.net\/de\/blog\/author\/invenio\/\"}]}<\/script>\n<!-- \/ Yoast SEO plugin. -->","yoast_head_json":{"title":"Digitalisierung vorantreiben | invenio","description":"invenio Cognitive Technologies GmbH hat mittels einer eigenen Microsite die T\u00e4tigkeitsbereiche sowie Kompetenzen n\u00e4her beschrieben.","robots":{"index":"index","follow":"follow","max-snippet":"max-snippet:-1","max-image-preview":"max-image-preview:large","max-video-preview":"max-video-preview:-1"},"canonical":"https:\/\/www.invenio.net\/de\/blog\/2019\/10\/30\/mit-kognitiven-technologien-die-digitalisierung-vorantreiben\/","og_locale":"de_DE","og_type":"article","og_title":"Digitalisierung vorantreiben | invenio","og_description":"invenio Cognitive Technologies GmbH hat mittels einer eigenen Microsite die T\u00e4tigkeitsbereiche sowie Kompetenzen n\u00e4her beschrieben.","og_url":"https:\/\/www.invenio.net\/de\/blog\/2019\/10\/30\/mit-kognitiven-technologien-die-digitalisierung-vorantreiben\/","og_site_name":"invenio","article_publisher":"https:\/\/www.facebook.com\/invenio.karriere","article_published_time":"2019-10-30T10:34:10+00:00","article_modified_time":"2024-06-05T12:47:46+00:00","og_image":[{"url":"https:\/\/www.invenio.net\/wp-content\/uploads\/20200706_Cognitive-Technologies-300x234.jpg","type":"","width":"","height":""}],"author":"invenio","twitter_card":"summary_large_image","twitter_misc":{"Verfasst von":"invenio","Gesch\u00e4tzte Lesezeit":"2\u00a0Minuten"},"schema":{"@context":"https:\/\/schema.org","@graph":[{"@type":"Article","@id":"https:\/\/www.invenio.net\/de\/blog\/2019\/10\/30\/mit-kognitiven-technologien-die-digitalisierung-vorantreiben\/#article","isPartOf":{"@id":"https:\/\/www.invenio.net\/de\/blog\/2019\/10\/30\/mit-kognitiven-technologien-die-digitalisierung-vorantreiben\/"},"author":{"name":"invenio","@id":"https:\/\/www.invenio.net\/de\/#\/schema\/person\/3387b3eb69364567c80575f768287b10"},"headline":"Mit kognitiven Technologien die Digitalisierung vorantreiben","datePublished":"2019-10-30T10:34:10+00:00","dateModified":"2024-06-05T12:47:46+00:00","mainEntityOfPage":{"@id":"https:\/\/www.invenio.net\/de\/blog\/2019\/10\/30\/mit-kognitiven-technologien-die-digitalisierung-vorantreiben\/"},"wordCount":197,"publisher":{"@id":"https:\/\/www.invenio.net\/de\/#organization"},"image":{"@id":"https:\/\/www.invenio.net\/de\/blog\/2019\/10\/30\/mit-kognitiven-technologien-die-digitalisierung-vorantreiben\/#primaryimage"},"thumbnailUrl":"https:\/\/www.invenio.net\/wp-content\/uploads\/20200706_Cognitive-Technologies-300x234.jpg","articleSection":["General"],"inLanguage":"de"},{"@type":"WebPage","@id":"https:\/\/www.invenio.net\/de\/blog\/2019\/10\/30\/mit-kognitiven-technologien-die-digitalisierung-vorantreiben\/","url":"https:\/\/www.invenio.net\/de\/blog\/2019\/10\/30\/mit-kognitiven-technologien-die-digitalisierung-vorantreiben\/","name":"Digitalisierung vorantreiben | invenio","isPartOf":{"@id":"https:\/\/www.invenio.net\/de\/#website"},"primaryImageOfPage":{"@id":"https:\/\/www.invenio.net\/de\/blog\/2019\/10\/30\/mit-kognitiven-technologien-die-digitalisierung-vorantreiben\/#primaryimage"},"image":{"@id":"https:\/\/www.invenio.net\/de\/blog\/2019\/10\/30\/mit-kognitiven-technologien-die-digitalisierung-vorantreiben\/#primaryimage"},"thumbnailUrl":"https:\/\/www.invenio.net\/wp-content\/uploads\/20200706_Cognitive-Technologies-300x234.jpg","datePublished":"2019-10-30T10:34:10+00:00","dateModified":"2024-06-05T12:47:46+00:00","description":"invenio Cognitive Technologies GmbH hat mittels einer eigenen Microsite die T\u00e4tigkeitsbereiche sowie Kompetenzen n\u00e4her beschrieben.","breadcrumb":{"@id":"https:\/\/www.invenio.net\/de\/blog\/2019\/10\/30\/mit-kognitiven-technologien-die-digitalisierung-vorantreiben\/#breadcrumb"},"inLanguage":"de","potentialAction":[{"@type":"ReadAction","target":["https:\/\/www.invenio.net\/de\/blog\/2019\/10\/30\/mit-kognitiven-technologien-die-digitalisierung-vorantreiben\/"]}]},{"@type":"ImageObject","inLanguage":"de","@id":"https:\/\/www.invenio.net\/de\/blog\/2019\/10\/30\/mit-kognitiven-technologien-die-digitalisierung-vorantreiben\/#primaryimage","url":"https:\/\/www.invenio.net\/wp-content\/uploads\/20200706_Cognitive-Technologies-300x234.jpg","contentUrl":"https:\/\/www.invenio.net\/wp-content\/uploads\/20200706_Cognitive-Technologies-300x234.jpg"},{"@type":"BreadcrumbList","@id":"https:\/\/www.invenio.net\/de\/blog\/2019\/10\/30\/mit-kognitiven-technologien-die-digitalisierung-vorantreiben\/#breadcrumb","itemListElement":[{"@type":"ListItem","position":1,"name":"Startseite","item":"https:\/\/www.invenio.net\/de\/"},{"@type":"ListItem","position":2,"name":"Mit kognitiven Technologien die Digitalisierung vorantreiben"}]},{"@type":"WebSite","@id":"https:\/\/www.invenio.net\/de\/#website","url":"https:\/\/www.invenio.net\/de\/","name":"invenio","description":"","publisher":{"@id":"https:\/\/www.invenio.net\/de\/#organization"},"potentialAction":[{"@type":"SearchAction","target":{"@type":"EntryPoint","urlTemplate":"https:\/\/www.invenio.net\/de\/?s={search_term_string}"},"query-input":{"@type":"PropertyValueSpecification","valueRequired":true,"valueName":"search_term_string"}}],"inLanguage":"de"},{"@type":"Organization","@id":"https:\/\/www.invenio.net\/de\/#organization","name":"invenio AG","url":"https:\/\/www.invenio.net\/de\/","logo":{"@type":"ImageObject","inLanguage":"de","@id":"https:\/\/www.invenio.net\/de\/#\/schema\/logo\/image\/","url":"https:\/\/www.invenio.net\/wp-content\/uploads\/Logo_invenio_Website_Weissraum.svg","contentUrl":"https:\/\/www.invenio.net\/wp-content\/uploads\/Logo_invenio_Website_Weissraum.svg","width":1,"height":1,"caption":"invenio AG"},"image":{"@id":"https:\/\/www.invenio.net\/de\/#\/schema\/logo\/image\/"},"sameAs":["https:\/\/www.facebook.com\/invenio.karriere","https:\/\/www.instagram.com\/invenio.ag","https:\/\/de.linkedin.com\/company\/invenio-ag"]},{"@type":"Person","@id":"https:\/\/www.invenio.net\/de\/#\/schema\/person\/3387b3eb69364567c80575f768287b10","name":"invenio","image":{"@type":"ImageObject","inLanguage":"de","@id":"https:\/\/www.invenio.net\/de\/#\/schema\/person\/image\/","url":"https:\/\/secure.gravatar.com\/avatar\/bd92291d876dd89ec5267bbf47f7c5ae2bd9fb7bea0bfde563ec2d4b3bd35639?s=96&d=mm&r=g","contentUrl":"https:\/\/secure.gravatar.com\/avatar\/bd92291d876dd89ec5267bbf47f7c5ae2bd9fb7bea0bfde563ec2d4b3bd35639?s=96&d=mm&r=g","caption":"invenio"},"url":"https:\/\/www.invenio.net\/de\/blog\/author\/invenio\/"}]}},"_links":{"self":[{"href":"https:\/\/www.invenio.net\/de\/wp-json\/wp\/v2\/posts\/8292","targetHints":{"allow":["GET"]}}],"collection":[{"href":"https:\/\/www.invenio.net\/de\/wp-json\/wp\/v2\/posts"}],"about":[{"href":"https:\/\/www.invenio.net\/de\/wp-json\/wp\/v2\/types\/post"}],"author":[{"embeddable":true,"href":"https:\/\/www.invenio.net\/de\/wp-json\/wp\/v2\/users\/3"}],"replies":[{"embeddable":true,"href":"https:\/\/www.invenio.net\/de\/wp-json\/wp\/v2\/comments?post=8292"}],"version-history":[{"count":3,"href":"https:\/\/www.invenio.net\/de\/wp-json\/wp\/v2\/posts\/8292\/revisions"}],"predecessor-version":[{"id":47282,"href":"https:\/\/www.invenio.net\/de\/wp-json\/wp\/v2\/posts\/8292\/revisions\/47282"}],"wp:attachment":[{"href":"https:\/\/www.invenio.net\/de\/wp-json\/wp\/v2\/media?parent=8292"}],"wp:term":[{"taxonomy":"category","embeddable":true,"href":"https:\/\/www.invenio.net\/de\/wp-json\/wp\/v2\/categories?post=8292"},{"taxonomy":"post_tag","embeddable":true,"href":"https:\/\/www.invenio.net\/de\/wp-json\/wp\/v2\/tags?post=8292"}],"curies":[{"name":"wp","href":"https:\/\/api.w.org\/{rel}","templated":true}]}}