{"id":8838,"date":"2019-06-11T07:34:17","date_gmt":"2019-06-11T05:34:17","guid":{"rendered":"https:\/\/www-relaunch.invenio.net\/de\/?p=8838"},"modified":"2024-06-05T14:59:13","modified_gmt":"2024-06-05T12:59:13","slug":"blick-hinter-die-kulissen-in-ruesselsheim-am-main","status":"publish","type":"post","link":"https:\/\/www.invenio.net\/de\/blog\/2019\/06\/11\/blick-hinter-die-kulissen-in-ruesselsheim-am-main\/","title":{"rendered":"Blick hinter die Kulissen in R\u00fcsselsheim am Main"},"content":{"rendered":"<p><strong><span style=\"font-family: arial, helvetica, sans-serif\">Der Karrieretag war erneut ein Erfolg<\/span><\/strong><\/p>\n<p><span style=\"font-family: arial, helvetica, sans-serif\">Nachdem das Veranstaltungsformat bereits im letzten Jahr gro\u00dfen Anklang gefunden hatte, hat das Engineering-und Technologieunternehmen am 06. Juni 2019 bereits das dritte Mal zum Karrieretag in seine Zentrale in R\u00fcsselsheim am Main eingeladen. Alle Young Professionals, Studenten und Absolventen techniknaher Studieng\u00e4nge und Fachrichtungen waren herzlich willkommen.<\/span><\/p>\n<div id=\"attachment_46388\" style=\"width: 310px\" class=\"wp-caption alignleft\"><a href=\"https:\/\/www.invenio.net\/wp-content\/uploads\/20200709_Karrieretag_2019_RU.jpg\"><img loading=\"lazy\" decoding=\"async\" aria-describedby=\"caption-attachment-46388\" class=\"wp-image-46388 size-medium\" src=\"https:\/\/www.invenio.net\/wp-content\/uploads\/20200709_Karrieretag_2019_RU-300x234.jpg\" alt=\"Karrieretag R\u00fcsselsheim\" width=\"300\" height=\"234\" srcset=\"https:\/\/www.invenio.net\/wp-content\/uploads\/20200709_Karrieretag_2019_RU-300x234.jpg 300w, https:\/\/www.invenio.net\/wp-content\/uploads\/20200709_Karrieretag_2019_RU-239x187.jpg 239w, https:\/\/www.invenio.net\/wp-content\/uploads\/20200709_Karrieretag_2019_RU.jpg 558w\" sizes=\"auto, (max-width: 300px) 100vw, 300px\" \/><\/a><p id=\"caption-attachment-46388\" class=\"wp-caption-text\">(invenio-Kollege Christian Frescha stellt das Unternehmen vor. Quelle: invenio)<\/p><\/div>\n<p><span style=\"font-family: arial, helvetica, sans-serif\">W\u00e4hrend des vielf\u00e4ltigen Programmes aus F\u00fchrungen, Vortr\u00e4gen und Workshops konnten die 25 Besucher nicht nur Einblicke in den Arbeitsalltag bei invenio gewinnen, sondern auch spannende Projekte und vielf\u00e4ltige Karriereperspektiven kennenlernen. In den Vortr\u00e4gen sind unter anderem die Schwerpunkte Medizintechnik sowie Elektronik- und Softwareentwicklung vorgestellt worden. Ein besonderes Highlight ist die Werkstattbesichtigung gewesen, bei der eine teilautomatisierte Monolithumwicklungsanlage in Betrieb vorgef\u00fchrt worden ist. Im Workshop zum Thema 'Stell Dir vor \u2013 Du stellst Dich vor!' sind Tipps f\u00fcr das professionelle Vorstellungsgespr\u00e4ch dargestellt und die Teilnehmer praxisorientiert auf den weiteren Berufsweg vorbereitet worden.<\/span><\/p>\n<p><span style=\"font-family: arial, helvetica, sans-serif\">\u201eWir freuen uns, dass dieses Veranstaltungsformat immer wieder gerne angenommen wird. Die Besucher erhalten einen realistischen Einblick in die Arbeitswelt und werden so gut bei der Jobsuche unterst\u00fctzt. Durch anspruchsvolle Fachvortr\u00e4ge k\u00f6nnen sich die Teilnehmer von unserem Know-how \u00fcberzeugen. Ich denke vor allem hierdurch k\u00f6nnen wir einen bleibenden Eindruck hinterlassen\u201d, so Lena Sch\u00fctte, Leiterin Human Relations Management, nach dem erfolgreichen Nachmittag.<\/span><\/p>\n","protected":false},"excerpt":{"rendered":"<p><strong>Der Karrieretag war erneut ein Erfolg<\/strong><\/p>\n<p>Nachdem das Veranstaltungsformat bereits im letzten Jahr gro\u00dfen Anklang gefunden hatte, hat das Engineering-und Technologieunternehmen am 06. Juni 2019 bereits das dritte Mal zum Karrieretag in seine Zentrale in R\u00fcsselsheim am Main eingeladen.<\/p>\n","protected":false},"author":3,"featured_media":0,"comment_status":"closed","ping_status":"closed","sticky":false,"template":"","format":"standard","meta":{"_acf_changed":false,"footnotes":""},"categories":[1,11,20],"tags":[],"class_list":["post-8838","post","type-post","status-publish","format-standard","hentry","category-allgemein","category-karriere-bei-invenio","category-veranstaltungen-2"],"acf":[],"yoast_head":"<!-- This site is optimized with the Yoast SEO plugin v27.0 - https:\/\/yoast.com\/product\/yoast-seo-wordpress\/ -->\n<title>Blick hinter die Kulissen in R\u00fcsselsheim am Main | invenio<\/title>\n<meta name=\"description\" content=\"Das Engineering-und Technologieunternehmen hat das dritte Mal zum Karrieretag in seine Zentrale in R\u00fcsselsheim am Main eingeladen.\" \/>\n<meta name=\"robots\" content=\"index, follow, max-snippet:-1, max-image-preview:large, max-video-preview:-1\" \/>\n<link rel=\"canonical\" href=\"https:\/\/www.invenio.net\/de\/blog\/2019\/06\/11\/blick-hinter-die-kulissen-in-ruesselsheim-am-main\/\" \/>\n<meta property=\"og:locale\" content=\"de_DE\" \/>\n<meta property=\"og:type\" content=\"article\" \/>\n<meta property=\"og:title\" content=\"Blick hinter die Kulissen in R\u00fcsselsheim am Main | invenio\" \/>\n<meta property=\"og:description\" content=\"Das Engineering-und Technologieunternehmen hat das dritte Mal zum Karrieretag in seine Zentrale in R\u00fcsselsheim am Main eingeladen.\" \/>\n<meta property=\"og:url\" content=\"https:\/\/www.invenio.net\/de\/blog\/2019\/06\/11\/blick-hinter-die-kulissen-in-ruesselsheim-am-main\/\" \/>\n<meta property=\"og:site_name\" content=\"invenio\" \/>\n<meta property=\"article:publisher\" content=\"https:\/\/www.facebook.com\/invenio.karriere\" \/>\n<meta property=\"article:published_time\" content=\"2019-06-11T05:34:17+00:00\" \/>\n<meta property=\"article:modified_time\" content=\"2024-06-05T12:59:13+00:00\" \/>\n<meta property=\"og:image\" content=\"https:\/\/www.invenio.net\/wp-content\/uploads\/20200709_Karrieretag_2019_RU-300x234.jpg\" \/>\n<meta name=\"author\" content=\"invenio\" \/>\n<meta name=\"twitter:card\" content=\"summary_large_image\" \/>\n<meta name=\"twitter:label1\" content=\"Verfasst von\" \/>\n\t<meta name=\"twitter:data1\" content=\"invenio\" \/>\n\t<meta name=\"twitter:label2\" content=\"Gesch\u00e4tzte Lesezeit\" \/>\n\t<meta name=\"twitter:data2\" content=\"2\u00a0Minuten\" \/>\n<script type=\"application\/ld+json\" class=\"yoast-schema-graph\">{\"@context\":\"https:\/\/schema.org\",\"@graph\":[{\"@type\":\"Article\",\"@id\":\"https:\/\/www.invenio.net\/de\/blog\/2019\/06\/11\/blick-hinter-die-kulissen-in-ruesselsheim-am-main\/#article\",\"isPartOf\":{\"@id\":\"https:\/\/www.invenio.net\/de\/blog\/2019\/06\/11\/blick-hinter-die-kulissen-in-ruesselsheim-am-main\/\"},\"author\":{\"name\":\"invenio\",\"@id\":\"https:\/\/www.invenio.net\/de\/#\/schema\/person\/3387b3eb69364567c80575f768287b10\"},\"headline\":\"Blick hinter die Kulissen in R\u00fcsselsheim am Main\",\"datePublished\":\"2019-06-11T05:34:17+00:00\",\"dateModified\":\"2024-06-05T12:59:13+00:00\",\"mainEntityOfPage\":{\"@id\":\"https:\/\/www.invenio.net\/de\/blog\/2019\/06\/11\/blick-hinter-die-kulissen-in-ruesselsheim-am-main\/\"},\"wordCount\":242,\"publisher\":{\"@id\":\"https:\/\/www.invenio.net\/de\/#organization\"},\"image\":{\"@id\":\"https:\/\/www.invenio.net\/de\/blog\/2019\/06\/11\/blick-hinter-die-kulissen-in-ruesselsheim-am-main\/#primaryimage\"},\"thumbnailUrl\":\"https:\/\/www.invenio.net\/wp-content\/uploads\/20200709_Karrieretag_2019_RU-300x234.jpg\",\"articleSection\":{\"1\":\"Karriere bei invenio\",\"2\":\"Veranstaltungen\"},\"inLanguage\":\"de\"},{\"@type\":\"WebPage\",\"@id\":\"https:\/\/www.invenio.net\/de\/blog\/2019\/06\/11\/blick-hinter-die-kulissen-in-ruesselsheim-am-main\/\",\"url\":\"https:\/\/www.invenio.net\/de\/blog\/2019\/06\/11\/blick-hinter-die-kulissen-in-ruesselsheim-am-main\/\",\"name\":\"Blick hinter die Kulissen in R\u00fcsselsheim am Main | invenio\",\"isPartOf\":{\"@id\":\"https:\/\/www.invenio.net\/de\/#website\"},\"primaryImageOfPage\":{\"@id\":\"https:\/\/www.invenio.net\/de\/blog\/2019\/06\/11\/blick-hinter-die-kulissen-in-ruesselsheim-am-main\/#primaryimage\"},\"image\":{\"@id\":\"https:\/\/www.invenio.net\/de\/blog\/2019\/06\/11\/blick-hinter-die-kulissen-in-ruesselsheim-am-main\/#primaryimage\"},\"thumbnailUrl\":\"https:\/\/www.invenio.net\/wp-content\/uploads\/20200709_Karrieretag_2019_RU-300x234.jpg\",\"datePublished\":\"2019-06-11T05:34:17+00:00\",\"dateModified\":\"2024-06-05T12:59:13+00:00\",\"description\":\"Das Engineering-und Technologieunternehmen hat das dritte Mal zum Karrieretag in seine Zentrale in R\u00fcsselsheim am Main eingeladen.\",\"breadcrumb\":{\"@id\":\"https:\/\/www.invenio.net\/de\/blog\/2019\/06\/11\/blick-hinter-die-kulissen-in-ruesselsheim-am-main\/#breadcrumb\"},\"inLanguage\":\"de\",\"potentialAction\":[{\"@type\":\"ReadAction\",\"target\":[\"https:\/\/www.invenio.net\/de\/blog\/2019\/06\/11\/blick-hinter-die-kulissen-in-ruesselsheim-am-main\/\"]}]},{\"@type\":\"ImageObject\",\"inLanguage\":\"de\",\"@id\":\"https:\/\/www.invenio.net\/de\/blog\/2019\/06\/11\/blick-hinter-die-kulissen-in-ruesselsheim-am-main\/#primaryimage\",\"url\":\"https:\/\/www.invenio.net\/wp-content\/uploads\/20200709_Karrieretag_2019_RU-300x234.jpg\",\"contentUrl\":\"https:\/\/www.invenio.net\/wp-content\/uploads\/20200709_Karrieretag_2019_RU-300x234.jpg\"},{\"@type\":\"BreadcrumbList\",\"@id\":\"https:\/\/www.invenio.net\/de\/blog\/2019\/06\/11\/blick-hinter-die-kulissen-in-ruesselsheim-am-main\/#breadcrumb\",\"itemListElement\":[{\"@type\":\"ListItem\",\"position\":1,\"name\":\"Startseite\",\"item\":\"https:\/\/www.invenio.net\/de\/\"},{\"@type\":\"ListItem\",\"position\":2,\"name\":\"Allgemein\",\"item\":\"https:\/\/www.invenio.net\/de\/blog\/category\/allgemein\/\"},{\"@type\":\"ListItem\",\"position\":3,\"name\":\"Blick hinter die Kulissen in R\u00fcsselsheim am Main\"}]},{\"@type\":\"WebSite\",\"@id\":\"https:\/\/www.invenio.net\/de\/#website\",\"url\":\"https:\/\/www.invenio.net\/de\/\",\"name\":\"invenio\",\"description\":\"\",\"publisher\":{\"@id\":\"https:\/\/www.invenio.net\/de\/#organization\"},\"potentialAction\":[{\"@type\":\"SearchAction\",\"target\":{\"@type\":\"EntryPoint\",\"urlTemplate\":\"https:\/\/www.invenio.net\/de\/?s={search_term_string}\"},\"query-input\":{\"@type\":\"PropertyValueSpecification\",\"valueRequired\":true,\"valueName\":\"search_term_string\"}}],\"inLanguage\":\"de\"},{\"@type\":\"Organization\",\"@id\":\"https:\/\/www.invenio.net\/de\/#organization\",\"name\":\"invenio AG\",\"url\":\"https:\/\/www.invenio.net\/de\/\",\"logo\":{\"@type\":\"ImageObject\",\"inLanguage\":\"de\",\"@id\":\"https:\/\/www.invenio.net\/de\/#\/schema\/logo\/image\/\",\"url\":\"https:\/\/www.invenio.net\/wp-content\/uploads\/Logo_invenio_Website_Weissraum.svg\",\"contentUrl\":\"https:\/\/www.invenio.net\/wp-content\/uploads\/Logo_invenio_Website_Weissraum.svg\",\"width\":1,\"height\":1,\"caption\":\"invenio AG\"},\"image\":{\"@id\":\"https:\/\/www.invenio.net\/de\/#\/schema\/logo\/image\/\"},\"sameAs\":[\"https:\/\/www.facebook.com\/invenio.karriere\",\"https:\/\/www.instagram.com\/invenio.ag\",\"https:\/\/de.linkedin.com\/company\/invenio-ag\"]},{\"@type\":\"Person\",\"@id\":\"https:\/\/www.invenio.net\/de\/#\/schema\/person\/3387b3eb69364567c80575f768287b10\",\"name\":\"invenio\",\"image\":{\"@type\":\"ImageObject\",\"inLanguage\":\"de\",\"@id\":\"https:\/\/www.invenio.net\/de\/#\/schema\/person\/image\/\",\"url\":\"https:\/\/secure.gravatar.com\/avatar\/bd92291d876dd89ec5267bbf47f7c5ae2bd9fb7bea0bfde563ec2d4b3bd35639?s=96&d=mm&r=g\",\"contentUrl\":\"https:\/\/secure.gravatar.com\/avatar\/bd92291d876dd89ec5267bbf47f7c5ae2bd9fb7bea0bfde563ec2d4b3bd35639?s=96&d=mm&r=g\",\"caption\":\"invenio\"},\"url\":\"https:\/\/www.invenio.net\/de\/blog\/author\/invenio\/\"}]}<\/script>\n<!-- \/ Yoast SEO plugin. -->","yoast_head_json":{"title":"Blick hinter die Kulissen in R\u00fcsselsheim am Main | invenio","description":"Das Engineering-und Technologieunternehmen hat das dritte Mal zum Karrieretag in seine Zentrale in R\u00fcsselsheim am Main eingeladen.","robots":{"index":"index","follow":"follow","max-snippet":"max-snippet:-1","max-image-preview":"max-image-preview:large","max-video-preview":"max-video-preview:-1"},"canonical":"https:\/\/www.invenio.net\/de\/blog\/2019\/06\/11\/blick-hinter-die-kulissen-in-ruesselsheim-am-main\/","og_locale":"de_DE","og_type":"article","og_title":"Blick hinter die Kulissen in R\u00fcsselsheim am Main | invenio","og_description":"Das Engineering-und Technologieunternehmen hat das dritte Mal zum Karrieretag in seine Zentrale in R\u00fcsselsheim am Main eingeladen.","og_url":"https:\/\/www.invenio.net\/de\/blog\/2019\/06\/11\/blick-hinter-die-kulissen-in-ruesselsheim-am-main\/","og_site_name":"invenio","article_publisher":"https:\/\/www.facebook.com\/invenio.karriere","article_published_time":"2019-06-11T05:34:17+00:00","article_modified_time":"2024-06-05T12:59:13+00:00","og_image":[{"url":"https:\/\/www.invenio.net\/wp-content\/uploads\/20200709_Karrieretag_2019_RU-300x234.jpg","type":"","width":"","height":""}],"author":"invenio","twitter_card":"summary_large_image","twitter_misc":{"Verfasst von":"invenio","Gesch\u00e4tzte Lesezeit":"2\u00a0Minuten"},"schema":{"@context":"https:\/\/schema.org","@graph":[{"@type":"Article","@id":"https:\/\/www.invenio.net\/de\/blog\/2019\/06\/11\/blick-hinter-die-kulissen-in-ruesselsheim-am-main\/#article","isPartOf":{"@id":"https:\/\/www.invenio.net\/de\/blog\/2019\/06\/11\/blick-hinter-die-kulissen-in-ruesselsheim-am-main\/"},"author":{"name":"invenio","@id":"https:\/\/www.invenio.net\/de\/#\/schema\/person\/3387b3eb69364567c80575f768287b10"},"headline":"Blick hinter die Kulissen in R\u00fcsselsheim am Main","datePublished":"2019-06-11T05:34:17+00:00","dateModified":"2024-06-05T12:59:13+00:00","mainEntityOfPage":{"@id":"https:\/\/www.invenio.net\/de\/blog\/2019\/06\/11\/blick-hinter-die-kulissen-in-ruesselsheim-am-main\/"},"wordCount":242,"publisher":{"@id":"https:\/\/www.invenio.net\/de\/#organization"},"image":{"@id":"https:\/\/www.invenio.net\/de\/blog\/2019\/06\/11\/blick-hinter-die-kulissen-in-ruesselsheim-am-main\/#primaryimage"},"thumbnailUrl":"https:\/\/www.invenio.net\/wp-content\/uploads\/20200709_Karrieretag_2019_RU-300x234.jpg","articleSection":{"1":"Karriere bei invenio","2":"Veranstaltungen"},"inLanguage":"de"},{"@type":"WebPage","@id":"https:\/\/www.invenio.net\/de\/blog\/2019\/06\/11\/blick-hinter-die-kulissen-in-ruesselsheim-am-main\/","url":"https:\/\/www.invenio.net\/de\/blog\/2019\/06\/11\/blick-hinter-die-kulissen-in-ruesselsheim-am-main\/","name":"Blick hinter die Kulissen in R\u00fcsselsheim am Main | invenio","isPartOf":{"@id":"https:\/\/www.invenio.net\/de\/#website"},"primaryImageOfPage":{"@id":"https:\/\/www.invenio.net\/de\/blog\/2019\/06\/11\/blick-hinter-die-kulissen-in-ruesselsheim-am-main\/#primaryimage"},"image":{"@id":"https:\/\/www.invenio.net\/de\/blog\/2019\/06\/11\/blick-hinter-die-kulissen-in-ruesselsheim-am-main\/#primaryimage"},"thumbnailUrl":"https:\/\/www.invenio.net\/wp-content\/uploads\/20200709_Karrieretag_2019_RU-300x234.jpg","datePublished":"2019-06-11T05:34:17+00:00","dateModified":"2024-06-05T12:59:13+00:00","description":"Das Engineering-und Technologieunternehmen hat das dritte Mal zum Karrieretag in seine Zentrale in R\u00fcsselsheim am Main eingeladen.","breadcrumb":{"@id":"https:\/\/www.invenio.net\/de\/blog\/2019\/06\/11\/blick-hinter-die-kulissen-in-ruesselsheim-am-main\/#breadcrumb"},"inLanguage":"de","potentialAction":[{"@type":"ReadAction","target":["https:\/\/www.invenio.net\/de\/blog\/2019\/06\/11\/blick-hinter-die-kulissen-in-ruesselsheim-am-main\/"]}]},{"@type":"ImageObject","inLanguage":"de","@id":"https:\/\/www.invenio.net\/de\/blog\/2019\/06\/11\/blick-hinter-die-kulissen-in-ruesselsheim-am-main\/#primaryimage","url":"https:\/\/www.invenio.net\/wp-content\/uploads\/20200709_Karrieretag_2019_RU-300x234.jpg","contentUrl":"https:\/\/www.invenio.net\/wp-content\/uploads\/20200709_Karrieretag_2019_RU-300x234.jpg"},{"@type":"BreadcrumbList","@id":"https:\/\/www.invenio.net\/de\/blog\/2019\/06\/11\/blick-hinter-die-kulissen-in-ruesselsheim-am-main\/#breadcrumb","itemListElement":[{"@type":"ListItem","position":1,"name":"Startseite","item":"https:\/\/www.invenio.net\/de\/"},{"@type":"ListItem","position":2,"name":"Allgemein","item":"https:\/\/www.invenio.net\/de\/blog\/category\/allgemein\/"},{"@type":"ListItem","position":3,"name":"Blick hinter die Kulissen in R\u00fcsselsheim am Main"}]},{"@type":"WebSite","@id":"https:\/\/www.invenio.net\/de\/#website","url":"https:\/\/www.invenio.net\/de\/","name":"invenio","description":"","publisher":{"@id":"https:\/\/www.invenio.net\/de\/#organization"},"potentialAction":[{"@type":"SearchAction","target":{"@type":"EntryPoint","urlTemplate":"https:\/\/www.invenio.net\/de\/?s={search_term_string}"},"query-input":{"@type":"PropertyValueSpecification","valueRequired":true,"valueName":"search_term_string"}}],"inLanguage":"de"},{"@type":"Organization","@id":"https:\/\/www.invenio.net\/de\/#organization","name":"invenio AG","url":"https:\/\/www.invenio.net\/de\/","logo":{"@type":"ImageObject","inLanguage":"de","@id":"https:\/\/www.invenio.net\/de\/#\/schema\/logo\/image\/","url":"https:\/\/www.invenio.net\/wp-content\/uploads\/Logo_invenio_Website_Weissraum.svg","contentUrl":"https:\/\/www.invenio.net\/wp-content\/uploads\/Logo_invenio_Website_Weissraum.svg","width":1,"height":1,"caption":"invenio AG"},"image":{"@id":"https:\/\/www.invenio.net\/de\/#\/schema\/logo\/image\/"},"sameAs":["https:\/\/www.facebook.com\/invenio.karriere","https:\/\/www.instagram.com\/invenio.ag","https:\/\/de.linkedin.com\/company\/invenio-ag"]},{"@type":"Person","@id":"https:\/\/www.invenio.net\/de\/#\/schema\/person\/3387b3eb69364567c80575f768287b10","name":"invenio","image":{"@type":"ImageObject","inLanguage":"de","@id":"https:\/\/www.invenio.net\/de\/#\/schema\/person\/image\/","url":"https:\/\/secure.gravatar.com\/avatar\/bd92291d876dd89ec5267bbf47f7c5ae2bd9fb7bea0bfde563ec2d4b3bd35639?s=96&d=mm&r=g","contentUrl":"https:\/\/secure.gravatar.com\/avatar\/bd92291d876dd89ec5267bbf47f7c5ae2bd9fb7bea0bfde563ec2d4b3bd35639?s=96&d=mm&r=g","caption":"invenio"},"url":"https:\/\/www.invenio.net\/de\/blog\/author\/invenio\/"}]}},"_links":{"self":[{"href":"https:\/\/www.invenio.net\/de\/wp-json\/wp\/v2\/posts\/8838","targetHints":{"allow":["GET"]}}],"collection":[{"href":"https:\/\/www.invenio.net\/de\/wp-json\/wp\/v2\/posts"}],"about":[{"href":"https:\/\/www.invenio.net\/de\/wp-json\/wp\/v2\/types\/post"}],"author":[{"embeddable":true,"href":"https:\/\/www.invenio.net\/de\/wp-json\/wp\/v2\/users\/3"}],"replies":[{"embeddable":true,"href":"https:\/\/www.invenio.net\/de\/wp-json\/wp\/v2\/comments?post=8838"}],"version-history":[{"count":1,"href":"https:\/\/www.invenio.net\/de\/wp-json\/wp\/v2\/posts\/8838\/revisions"}],"predecessor-version":[{"id":47359,"href":"https:\/\/www.invenio.net\/de\/wp-json\/wp\/v2\/posts\/8838\/revisions\/47359"}],"wp:attachment":[{"href":"https:\/\/www.invenio.net\/de\/wp-json\/wp\/v2\/media?parent=8838"}],"wp:term":[{"taxonomy":"category","embeddable":true,"href":"https:\/\/www.invenio.net\/de\/wp-json\/wp\/v2\/categories?post=8838"},{"taxonomy":"post_tag","embeddable":true,"href":"https:\/\/www.invenio.net\/de\/wp-json\/wp\/v2\/tags?post=8838"}],"curies":[{"name":"wp","href":"https:\/\/api.w.org\/{rel}","templated":true}]}}