{"id":36264,"date":"2023-05-16T08:33:41","date_gmt":"2023-05-16T06:33:41","guid":{"rendered":"https:\/\/www.invenio.net\/de\/?p=31979"},"modified":"2025-01-08T15:10:30","modified_gmt":"2025-01-08T14:10:30","slug":"invenio-virtual-technologies-fuer-bayerischen-mittelstandspreis-2023-nominiert","status":"publish","type":"post","link":"https:\/\/www.invenio.net\/virtual-technologies\/de\/blog\/2023\/05\/16\/invenio-virtual-technologies-fuer-bayerischen-mittelstandspreis-2023-nominiert\/","title":{"rendered":"invenio Virtual Technologies f\u00fcr Bayerischen Mittelstandspreis 2023 nominiert"},"content":{"rendered":"<p class=\"MsoNoSpacing\"><strong><span style=\"font-family: 'Arial',sans-serif\">Aller guten Dinge sind drei: Nach 2019 und 2022 invenio Virtual Technologies (VT) gleich doppelt im Rennen<\/span><\/strong><\/p>\n<p class=\"MsoNoSpacing\"><span style=\"font-family: 'Arial',sans-serif\">Zus\u00e4tzlich zum Bayerischen Mittelstandspreis 2023 vergeben prim\u00e4r Studierende der Hochschule f\u00fcr angewandtes Management (HAM) dieses Jahr den 'Bavarian Future Award' f\u00fcr 'Datengesteuerte Innovation durch KI und Big Data'. Ausgezeichnet wird ein fortschrittliches, mittelst\u00e4ndisches Unternehmen, das datengesteuerte Innovationen wie k\u00fcnstliche Intelligenz entwickelt oder einsetzt und dadurch neue Ma\u00dfst\u00e4be f\u00fcr die Zukunft der Wirtschaft und der Gesellschaft setzt. \u201eWir entwickeln seit vielen Jahren unsere eigene KI und setzen diese bereits bei namhaften Kunden in einer produktiven Umgebung ein. Insofern haben wir uns speziell \u00fcber diese Nominierung sehr gefreut\u201c, so Michael Pretschuh, Head of Sales and Marketing bei der invenio VT.<\/span><\/p>\n<div id=\"attachment_45980\" style=\"width: 568px\" class=\"wp-caption alignleft\"><a href=\"https:\/\/www.invenio.net\/wp-content\/uploads\/20230516_Bayerischer-Mittelstandspreis.jpg\"><img loading=\"lazy\" decoding=\"async\" aria-describedby=\"caption-attachment-45980\" class=\"wp-image-45980 size-full\" src=\"https:\/\/www.invenio.net\/wp-content\/uploads\/20230516_Bayerischer-Mittelstandspreis.jpg\" alt=\"Nominierung Bayerischer Mittelstandspreis\" width=\"558\" height=\"436\" \/><\/a><p id=\"caption-attachment-45980\" class=\"wp-caption-text\">invenio Virtual Technologies in diesem Jahr gleich zweifach nominiert.<\/p><\/div>\n<p class=\"MsoNoSpacing\"><span style=\"font-family: 'Arial',sans-serif\">Die Jury bestimmt die Preistr\u00e4ger gem\u00e4\u00df Kriterien wie 'Zukunftsf\u00e4higkeit und Innovation', 'Robustheit und Resilienz', 'Nachhaltigkeit und Verantwortung' sowie 'Attraktivit\u00e4t'. Verliehen wird der Bayerische Mittelstandspreis 2023 am 23. Juni im M\u00fcnchner K\u00fcnstlerhaus, begleitet von einem Get-Together und einem fachlichen Austausch, u.a. zum Thema K\u00fcnstliche Intelligenz. Aus den 18 Finalisten w\u00e4hlt die Jury zehn Unternehmen als Gewinner aus, der Preis wird vom Europ\u00e4ischen Wirtschaftsforum e.V. und der HAM gemeinsam mit dem Gipfelforum und weiteren Partnern vergeben. Die Schirmherrin der Veranstaltung, Landtagspr\u00e4sidentin Ilse Aigner MdL, wird ebenfalls vor Ort sein.<\/span><\/p>\n<p class=\"MsoNoSpacing\"><span style=\"font-family: 'Arial',sans-serif\">\u201eDie doppelte Nominierung ist f\u00fcr uns ein sch\u00f6nes und auch wichtiges Signal: Zum einen haben wir erfolgreich ein mittelst\u00e4ndisches Unternehmen in Bayern aufgebaut und sichern dadurch Arbeitspl\u00e4tze. Zum anderen wird auch unsere Expertise als Technologie- und Beratungspartner gesehen. Wir freuen uns sehr auf die Preisverleihung und w\u00fcnschen allen anderen Nominierten viel Erfolg\u201c, so Pretschuh.<\/span><\/p>\n<p class=\"MsoNoSpacing\"><span style=\"font-family: 'Arial',sans-serif\">Seit 2007 sind \u00fcber 50 Unternehmen mit dem Bayerischen Mittelstandspreis ausgezeichnet worden. Der Preis richtet sich prim\u00e4r an mittelst\u00e4ndische Unternehmen mit Sitz in Bayern, die als S\u00e4ule der Gesellschaft und des Mittelstandes eine Vorbildfunktion erf\u00fcllen. Die Rolle mittelst\u00e4ndischer Betriebe in Deutschland ist von gro\u00dfer Bedeutung. Laut einer Studie bildet der Mittelstand rund 83 Prozent der Lehrlinge aus, mehr als 50 Prozent der Arbeitnehmer sind dort besch\u00e4ftigt und fast die H\u00e4lfte aller Hidden Champions sind deutsche, mittelst\u00e4ndische Unternehmen. Um die Relevanz dieser Unternehmen sichtbarer zu machen und ihre Leistung zu w\u00fcrdigen, wurde der Bayerische Mittelstandspreis ins Leben gerufen. \u00a0<\/span><\/p>\n","protected":false},"excerpt":{"rendered":"<p><strong>Aller guten Dinge sind drei: Nach 2019 und 2022 invenio Virtual Technologies (VT) gleich doppelt im Rennen<\/strong><\/p>\n<p>Ausgezeichnet wird ein fortschrittliches, mittelst\u00e4ndisches Unternehmen, das datengesteuerte Innovationen wie k\u00fcnstliche Intelligenz entwickelt oder einsetzt und Ma\u00dfst\u00e4be f\u00fcr die Zukunft setzt.<\/p>\n","protected":false},"author":3,"featured_media":0,"comment_status":"closed","ping_status":"closed","sticky":false,"template":"","format":"standard","meta":{"_acf_changed":false,"footnotes":""},"categories":[28,16,23],"tags":[],"class_list":["post-36264","post","type-post","status-publish","format-standard","hentry","category-ki","category-software","category-virtual-technologies"],"acf":[],"yoast_head":"<!-- This site is optimized with the Yoast SEO plugin v27.0 - https:\/\/yoast.com\/product\/yoast-seo-wordpress\/ -->\n<title>invenio Virtual Technologies nominiert<\/title>\n<meta name=\"description\" content=\"invenio Virtual Technologies wurde f\u00fcr den f\u00fcr den Bayerischen Mittelstandspreis 2023 gleich doppelt nominiert.\" \/>\n<meta name=\"robots\" content=\"index, follow, max-snippet:-1, max-image-preview:large, max-video-preview:-1\" \/>\n<link rel=\"canonical\" href=\"https:\/\/www.invenio.net\/virtual-technologies\/de\/blog\/2023\/05\/16\/invenio-virtual-technologies-fuer-bayerischen-mittelstandspreis-2023-nominiert\/\" \/>\n<meta property=\"og:locale\" content=\"de_DE\" \/>\n<meta property=\"og:type\" content=\"article\" \/>\n<meta property=\"og:title\" content=\"invenio Virtual Technologies nominiert\" \/>\n<meta property=\"og:description\" content=\"invenio Virtual Technologies wurde f\u00fcr den f\u00fcr den Bayerischen Mittelstandspreis 2023 gleich doppelt nominiert.\" \/>\n<meta property=\"og:url\" content=\"https:\/\/www.invenio.net\/virtual-technologies\/de\/blog\/2023\/05\/16\/invenio-virtual-technologies-fuer-bayerischen-mittelstandspreis-2023-nominiert\/\" \/>\n<meta property=\"og:site_name\" content=\"invenio Virtual Technologies\" \/>\n<meta property=\"article:published_time\" content=\"2023-05-16T06:33:41+00:00\" \/>\n<meta property=\"article:modified_time\" content=\"2025-01-08T14:10:30+00:00\" \/>\n<meta property=\"og:image\" content=\"https:\/\/www.invenio.net\/wp-content\/uploads\/20230516_Bayerischer-Mittelstandspreis.jpg\" \/>\n<meta name=\"author\" content=\"invenio\" \/>\n<meta name=\"twitter:card\" content=\"summary_large_image\" \/>\n<meta name=\"twitter:label1\" content=\"Verfasst von\" \/>\n\t<meta name=\"twitter:data1\" content=\"invenio\" \/>\n\t<meta name=\"twitter:label2\" content=\"Gesch\u00e4tzte Lesezeit\" \/>\n\t<meta name=\"twitter:data2\" content=\"3\u00a0Minuten\" \/>\n<script type=\"application\/ld+json\" class=\"yoast-schema-graph\">{\"@context\":\"https:\/\/schema.org\",\"@graph\":[{\"@type\":\"Article\",\"@id\":\"https:\/\/www.invenio.net\/virtual-technologies\/de\/blog\/2023\/05\/16\/invenio-virtual-technologies-fuer-bayerischen-mittelstandspreis-2023-nominiert\/#article\",\"isPartOf\":{\"@id\":\"https:\/\/www.invenio.net\/virtual-technologies\/de\/blog\/2023\/05\/16\/invenio-virtual-technologies-fuer-bayerischen-mittelstandspreis-2023-nominiert\/\"},\"author\":{\"name\":\"invenio\",\"@id\":\"https:\/\/www.invenio.net\/virtual-technologies\/de\/#\/schema\/person\/3387b3eb69364567c80575f768287b10\"},\"headline\":\"invenio Virtual Technologies f\u00fcr Bayerischen Mittelstandspreis 2023 nominiert\",\"datePublished\":\"2023-05-16T06:33:41+00:00\",\"dateModified\":\"2025-01-08T14:10:30+00:00\",\"mainEntityOfPage\":{\"@id\":\"https:\/\/www.invenio.net\/virtual-technologies\/de\/blog\/2023\/05\/16\/invenio-virtual-technologies-fuer-bayerischen-mittelstandspreis-2023-nominiert\/\"},\"wordCount\":402,\"image\":{\"@id\":\"https:\/\/www.invenio.net\/virtual-technologies\/de\/blog\/2023\/05\/16\/invenio-virtual-technologies-fuer-bayerischen-mittelstandspreis-2023-nominiert\/#primaryimage\"},\"thumbnailUrl\":\"https:\/\/www.invenio.net\/wp-content\/uploads\/20230516_Bayerischer-Mittelstandspreis.jpg\",\"articleSection\":[\"KI\",\"Software\",\"Virtual Technologies\"],\"inLanguage\":\"de\"},{\"@type\":\"WebPage\",\"@id\":\"https:\/\/www.invenio.net\/virtual-technologies\/de\/blog\/2023\/05\/16\/invenio-virtual-technologies-fuer-bayerischen-mittelstandspreis-2023-nominiert\/\",\"url\":\"https:\/\/www.invenio.net\/virtual-technologies\/de\/blog\/2023\/05\/16\/invenio-virtual-technologies-fuer-bayerischen-mittelstandspreis-2023-nominiert\/\",\"name\":\"invenio Virtual Technologies nominiert\",\"isPartOf\":{\"@id\":\"https:\/\/www.invenio.net\/virtual-technologies\/de\/#website\"},\"primaryImageOfPage\":{\"@id\":\"https:\/\/www.invenio.net\/virtual-technologies\/de\/blog\/2023\/05\/16\/invenio-virtual-technologies-fuer-bayerischen-mittelstandspreis-2023-nominiert\/#primaryimage\"},\"image\":{\"@id\":\"https:\/\/www.invenio.net\/virtual-technologies\/de\/blog\/2023\/05\/16\/invenio-virtual-technologies-fuer-bayerischen-mittelstandspreis-2023-nominiert\/#primaryimage\"},\"thumbnailUrl\":\"https:\/\/www.invenio.net\/wp-content\/uploads\/20230516_Bayerischer-Mittelstandspreis.jpg\",\"datePublished\":\"2023-05-16T06:33:41+00:00\",\"dateModified\":\"2025-01-08T14:10:30+00:00\",\"author\":{\"@id\":\"https:\/\/www.invenio.net\/virtual-technologies\/de\/#\/schema\/person\/3387b3eb69364567c80575f768287b10\"},\"description\":\"invenio Virtual Technologies wurde f\u00fcr den f\u00fcr den Bayerischen Mittelstandspreis 2023 gleich doppelt nominiert.\",\"breadcrumb\":{\"@id\":\"https:\/\/www.invenio.net\/virtual-technologies\/de\/blog\/2023\/05\/16\/invenio-virtual-technologies-fuer-bayerischen-mittelstandspreis-2023-nominiert\/#breadcrumb\"},\"inLanguage\":\"de\",\"potentialAction\":[{\"@type\":\"ReadAction\",\"target\":[\"https:\/\/www.invenio.net\/virtual-technologies\/de\/blog\/2023\/05\/16\/invenio-virtual-technologies-fuer-bayerischen-mittelstandspreis-2023-nominiert\/\"]}]},{\"@type\":\"ImageObject\",\"inLanguage\":\"de\",\"@id\":\"https:\/\/www.invenio.net\/virtual-technologies\/de\/blog\/2023\/05\/16\/invenio-virtual-technologies-fuer-bayerischen-mittelstandspreis-2023-nominiert\/#primaryimage\",\"url\":\"https:\/\/www.invenio.net\/wp-content\/uploads\/20230516_Bayerischer-Mittelstandspreis.jpg\",\"contentUrl\":\"https:\/\/www.invenio.net\/wp-content\/uploads\/20230516_Bayerischer-Mittelstandspreis.jpg\"},{\"@type\":\"BreadcrumbList\",\"@id\":\"https:\/\/www.invenio.net\/virtual-technologies\/de\/blog\/2023\/05\/16\/invenio-virtual-technologies-fuer-bayerischen-mittelstandspreis-2023-nominiert\/#breadcrumb\",\"itemListElement\":[{\"@type\":\"ListItem\",\"position\":1,\"name\":\"Startseite Virtual Technologies\",\"item\":\"https:\/\/www.invenio.net\/virtual-technologies\/de\/\"},{\"@type\":\"ListItem\",\"position\":2,\"name\":\"Virtual Technologies\",\"item\":\"https:\/\/www.invenio.net\/virtual-technologies\/de\/blog\/category\/virtual-technologies\/\"},{\"@type\":\"ListItem\",\"position\":3,\"name\":\"#wirsindmittelstand: invenio Virtual Technologies zweifach f\u00fcr Bayerischen Mittelstandspreis 2023 nominiert\"}]},{\"@type\":\"WebSite\",\"@id\":\"https:\/\/www.invenio.net\/virtual-technologies\/de\/#website\",\"url\":\"https:\/\/www.invenio.net\/virtual-technologies\/de\/\",\"name\":\"invenio Virtual Technologies\",\"description\":\"\",\"potentialAction\":[{\"@type\":\"SearchAction\",\"target\":{\"@type\":\"EntryPoint\",\"urlTemplate\":\"https:\/\/www.invenio.net\/virtual-technologies\/de\/?s={search_term_string}\"},\"query-input\":{\"@type\":\"PropertyValueSpecification\",\"valueRequired\":true,\"valueName\":\"search_term_string\"}}],\"inLanguage\":\"de\"},{\"@type\":\"Person\",\"@id\":\"https:\/\/www.invenio.net\/virtual-technologies\/de\/#\/schema\/person\/3387b3eb69364567c80575f768287b10\",\"name\":\"invenio\",\"image\":{\"@type\":\"ImageObject\",\"inLanguage\":\"de\",\"@id\":\"https:\/\/www.invenio.net\/virtual-technologies\/de\/#\/schema\/person\/image\/\",\"url\":\"https:\/\/secure.gravatar.com\/avatar\/bd92291d876dd89ec5267bbf47f7c5ae2bd9fb7bea0bfde563ec2d4b3bd35639?s=96&d=mm&r=g\",\"contentUrl\":\"https:\/\/secure.gravatar.com\/avatar\/bd92291d876dd89ec5267bbf47f7c5ae2bd9fb7bea0bfde563ec2d4b3bd35639?s=96&d=mm&r=g\",\"caption\":\"invenio\"},\"url\":\"https:\/\/www.invenio.net\/virtual-technologies\/de\/blog\/author\/invenio\/\"}]}<\/script>\n<!-- \/ Yoast SEO plugin. -->","yoast_head_json":{"title":"invenio Virtual Technologies nominiert","description":"invenio Virtual Technologies wurde f\u00fcr den f\u00fcr den Bayerischen Mittelstandspreis 2023 gleich doppelt nominiert.","robots":{"index":"index","follow":"follow","max-snippet":"max-snippet:-1","max-image-preview":"max-image-preview:large","max-video-preview":"max-video-preview:-1"},"canonical":"https:\/\/www.invenio.net\/virtual-technologies\/de\/blog\/2023\/05\/16\/invenio-virtual-technologies-fuer-bayerischen-mittelstandspreis-2023-nominiert\/","og_locale":"de_DE","og_type":"article","og_title":"invenio Virtual Technologies nominiert","og_description":"invenio Virtual Technologies wurde f\u00fcr den f\u00fcr den Bayerischen Mittelstandspreis 2023 gleich doppelt nominiert.","og_url":"https:\/\/www.invenio.net\/virtual-technologies\/de\/blog\/2023\/05\/16\/invenio-virtual-technologies-fuer-bayerischen-mittelstandspreis-2023-nominiert\/","og_site_name":"invenio Virtual Technologies","article_published_time":"2023-05-16T06:33:41+00:00","article_modified_time":"2025-01-08T14:10:30+00:00","og_image":[{"url":"https:\/\/www.invenio.net\/wp-content\/uploads\/20230516_Bayerischer-Mittelstandspreis.jpg","type":"","width":"","height":""}],"author":"invenio","twitter_card":"summary_large_image","twitter_misc":{"Verfasst von":"invenio","Gesch\u00e4tzte Lesezeit":"3\u00a0Minuten"},"schema":{"@context":"https:\/\/schema.org","@graph":[{"@type":"Article","@id":"https:\/\/www.invenio.net\/virtual-technologies\/de\/blog\/2023\/05\/16\/invenio-virtual-technologies-fuer-bayerischen-mittelstandspreis-2023-nominiert\/#article","isPartOf":{"@id":"https:\/\/www.invenio.net\/virtual-technologies\/de\/blog\/2023\/05\/16\/invenio-virtual-technologies-fuer-bayerischen-mittelstandspreis-2023-nominiert\/"},"author":{"name":"invenio","@id":"https:\/\/www.invenio.net\/virtual-technologies\/de\/#\/schema\/person\/3387b3eb69364567c80575f768287b10"},"headline":"invenio Virtual Technologies f\u00fcr Bayerischen Mittelstandspreis 2023 nominiert","datePublished":"2023-05-16T06:33:41+00:00","dateModified":"2025-01-08T14:10:30+00:00","mainEntityOfPage":{"@id":"https:\/\/www.invenio.net\/virtual-technologies\/de\/blog\/2023\/05\/16\/invenio-virtual-technologies-fuer-bayerischen-mittelstandspreis-2023-nominiert\/"},"wordCount":402,"image":{"@id":"https:\/\/www.invenio.net\/virtual-technologies\/de\/blog\/2023\/05\/16\/invenio-virtual-technologies-fuer-bayerischen-mittelstandspreis-2023-nominiert\/#primaryimage"},"thumbnailUrl":"https:\/\/www.invenio.net\/wp-content\/uploads\/20230516_Bayerischer-Mittelstandspreis.jpg","articleSection":["KI","Software","Virtual Technologies"],"inLanguage":"de"},{"@type":"WebPage","@id":"https:\/\/www.invenio.net\/virtual-technologies\/de\/blog\/2023\/05\/16\/invenio-virtual-technologies-fuer-bayerischen-mittelstandspreis-2023-nominiert\/","url":"https:\/\/www.invenio.net\/virtual-technologies\/de\/blog\/2023\/05\/16\/invenio-virtual-technologies-fuer-bayerischen-mittelstandspreis-2023-nominiert\/","name":"invenio Virtual Technologies nominiert","isPartOf":{"@id":"https:\/\/www.invenio.net\/virtual-technologies\/de\/#website"},"primaryImageOfPage":{"@id":"https:\/\/www.invenio.net\/virtual-technologies\/de\/blog\/2023\/05\/16\/invenio-virtual-technologies-fuer-bayerischen-mittelstandspreis-2023-nominiert\/#primaryimage"},"image":{"@id":"https:\/\/www.invenio.net\/virtual-technologies\/de\/blog\/2023\/05\/16\/invenio-virtual-technologies-fuer-bayerischen-mittelstandspreis-2023-nominiert\/#primaryimage"},"thumbnailUrl":"https:\/\/www.invenio.net\/wp-content\/uploads\/20230516_Bayerischer-Mittelstandspreis.jpg","datePublished":"2023-05-16T06:33:41+00:00","dateModified":"2025-01-08T14:10:30+00:00","author":{"@id":"https:\/\/www.invenio.net\/virtual-technologies\/de\/#\/schema\/person\/3387b3eb69364567c80575f768287b10"},"description":"invenio Virtual Technologies wurde f\u00fcr den f\u00fcr den Bayerischen Mittelstandspreis 2023 gleich doppelt nominiert.","breadcrumb":{"@id":"https:\/\/www.invenio.net\/virtual-technologies\/de\/blog\/2023\/05\/16\/invenio-virtual-technologies-fuer-bayerischen-mittelstandspreis-2023-nominiert\/#breadcrumb"},"inLanguage":"de","potentialAction":[{"@type":"ReadAction","target":["https:\/\/www.invenio.net\/virtual-technologies\/de\/blog\/2023\/05\/16\/invenio-virtual-technologies-fuer-bayerischen-mittelstandspreis-2023-nominiert\/"]}]},{"@type":"ImageObject","inLanguage":"de","@id":"https:\/\/www.invenio.net\/virtual-technologies\/de\/blog\/2023\/05\/16\/invenio-virtual-technologies-fuer-bayerischen-mittelstandspreis-2023-nominiert\/#primaryimage","url":"https:\/\/www.invenio.net\/wp-content\/uploads\/20230516_Bayerischer-Mittelstandspreis.jpg","contentUrl":"https:\/\/www.invenio.net\/wp-content\/uploads\/20230516_Bayerischer-Mittelstandspreis.jpg"},{"@type":"BreadcrumbList","@id":"https:\/\/www.invenio.net\/virtual-technologies\/de\/blog\/2023\/05\/16\/invenio-virtual-technologies-fuer-bayerischen-mittelstandspreis-2023-nominiert\/#breadcrumb","itemListElement":[{"@type":"ListItem","position":1,"name":"Startseite Virtual Technologies","item":"https:\/\/www.invenio.net\/virtual-technologies\/de\/"},{"@type":"ListItem","position":2,"name":"Virtual Technologies","item":"https:\/\/www.invenio.net\/virtual-technologies\/de\/blog\/category\/virtual-technologies\/"},{"@type":"ListItem","position":3,"name":"#wirsindmittelstand: invenio Virtual Technologies zweifach f\u00fcr Bayerischen Mittelstandspreis 2023 nominiert"}]},{"@type":"WebSite","@id":"https:\/\/www.invenio.net\/virtual-technologies\/de\/#website","url":"https:\/\/www.invenio.net\/virtual-technologies\/de\/","name":"invenio Virtual Technologies","description":"","potentialAction":[{"@type":"SearchAction","target":{"@type":"EntryPoint","urlTemplate":"https:\/\/www.invenio.net\/virtual-technologies\/de\/?s={search_term_string}"},"query-input":{"@type":"PropertyValueSpecification","valueRequired":true,"valueName":"search_term_string"}}],"inLanguage":"de"},{"@type":"Person","@id":"https:\/\/www.invenio.net\/virtual-technologies\/de\/#\/schema\/person\/3387b3eb69364567c80575f768287b10","name":"invenio","image":{"@type":"ImageObject","inLanguage":"de","@id":"https:\/\/www.invenio.net\/virtual-technologies\/de\/#\/schema\/person\/image\/","url":"https:\/\/secure.gravatar.com\/avatar\/bd92291d876dd89ec5267bbf47f7c5ae2bd9fb7bea0bfde563ec2d4b3bd35639?s=96&d=mm&r=g","contentUrl":"https:\/\/secure.gravatar.com\/avatar\/bd92291d876dd89ec5267bbf47f7c5ae2bd9fb7bea0bfde563ec2d4b3bd35639?s=96&d=mm&r=g","caption":"invenio"},"url":"https:\/\/www.invenio.net\/virtual-technologies\/de\/blog\/author\/invenio\/"}]}},"_links":{"self":[{"href":"https:\/\/www.invenio.net\/virtual-technologies\/de\/wp-json\/wp\/v2\/posts\/36264","targetHints":{"allow":["GET"]}}],"collection":[{"href":"https:\/\/www.invenio.net\/virtual-technologies\/de\/wp-json\/wp\/v2\/posts"}],"about":[{"href":"https:\/\/www.invenio.net\/virtual-technologies\/de\/wp-json\/wp\/v2\/types\/post"}],"author":[{"embeddable":true,"href":"https:\/\/www.invenio.net\/virtual-technologies\/de\/wp-json\/wp\/v2\/users\/3"}],"replies":[{"embeddable":true,"href":"https:\/\/www.invenio.net\/virtual-technologies\/de\/wp-json\/wp\/v2\/comments?post=36264"}],"version-history":[{"count":2,"href":"https:\/\/www.invenio.net\/virtual-technologies\/de\/wp-json\/wp\/v2\/posts\/36264\/revisions"}],"predecessor-version":[{"id":39374,"href":"https:\/\/www.invenio.net\/virtual-technologies\/de\/wp-json\/wp\/v2\/posts\/36264\/revisions\/39374"}],"wp:attachment":[{"href":"https:\/\/www.invenio.net\/virtual-technologies\/de\/wp-json\/wp\/v2\/media?parent=36264"}],"wp:term":[{"taxonomy":"category","embeddable":true,"href":"https:\/\/www.invenio.net\/virtual-technologies\/de\/wp-json\/wp\/v2\/categories?post=36264"},{"taxonomy":"post_tag","embeddable":true,"href":"https:\/\/www.invenio.net\/virtual-technologies\/de\/wp-json\/wp\/v2\/tags?post=36264"}],"curies":[{"name":"wp","href":"https:\/\/api.w.org\/{rel}","templated":true}]}}