{"id":36325,"date":"2018-09-27T15:02:57","date_gmt":"2018-09-27T13:02:57","guid":{"rendered":"https:\/\/www.invenio.net\/vt\/?p=894"},"modified":"2024-08-20T15:42:33","modified_gmt":"2024-05-06T07:26:47","slug":"vom-intelligenten-algorithmus-zur-kuenstlichen-intelligenz","status":"publish","type":"post","link":"https:\/\/www.invenio.net\/virtual-technologies\/de\/blog\/2018\/09\/27\/vom-intelligenten-algorithmus-zur-kuenstlichen-intelligenz\/","title":{"rendered":"Vom intelligenten Algorithmus zur k\u00fcnstlichen Intelligenz"},"content":{"rendered":"<p><strong><span style=\"font-family: arial, helvetica, sans-serif;font-size: 16px\">invenio Vortrag auf der internen BMW Group IT Messe 2018<\/span><\/strong><\/p>\n<p><span style=\"font-family: arial, helvetica, sans-serif;font-size: 16px\">Der invenio Gesch\u00e4ftsf\u00fchrer Hermann Gaigl und ein Experte der BMW Group halten einen gemeinsamen Fachvortrag auf der internen BMW Group IT Messe 2018 in M\u00fcnchen.\u00a0Der flexible Software-Baukasten 'VT-DMU' unterst\u00fctzt die BMW Group dabei, die innovativen Prozesse im digitalen Produkt in 100% agilen Projekten zu realisieren. Genauer gesagt geht es um die Koordination, Steuerung und Kommunikation virtueller Produkte. Durch die effizienten invenio VT-Module lassen sich Kollisionen und Abstandsverletzungen schnell identifizieren und exakt bewerten. Ein weiterer Punkt ist der in Zukunft geplante Einsatz intelligenter Algorithmen und k\u00fcnstlicher Intelligenz, um immer gr\u00f6\u00dfer werdende Datenmengen sowie steigende Bewertungsaufw\u00e4nde weiterhin erfolgreich beherrschen zu k\u00f6nnen.<\/span><\/p>\n<p><span style=\"font-family: arial, helvetica, sans-serif;font-size: 16px\">Wir freuen uns auf Ihren Besuch vom 24. bis 25. Oktober 2018 am invenio-Stand 5.2. Anhand von Live-Demos k\u00f6nnen Sie sich \u00fcber die einzigartigen Module aus dem Software-Baukasten 'VT-DMU' informieren.<\/span><\/p>\n<div id=\"attachment_46392\" style=\"width: 310px\" class=\"wp-caption alignnone\"><a href=\"https:\/\/www.invenio.net\/wp-content\/uploads\/20200710_Ankuendigung_BMW-IT-Messe.jpg\"><img loading=\"lazy\" decoding=\"async\" aria-describedby=\"caption-attachment-46392\" class=\"wp-image-46392 size-medium\" src=\"https:\/\/www.invenio.net\/wp-content\/uploads\/20200710_Ankuendigung_BMW-IT-Messe-300x234.jpg\" alt=\"Ank\u00fcndigung IT-Messe BMW\" width=\"300\" height=\"234\" \/><\/a><p id=\"caption-attachment-46392\" class=\"wp-caption-text\">Hermann Gaigl, Gesch\u00e4ftsf\u00fchrer der invenio Virtual Technologies GmbH. Quelle: invenio<\/p><\/div>\n","protected":false},"excerpt":{"rendered":"<p><strong>invenio Vortrag auf der internen BMW Group IT Messe 2018 <\/strong><\/p>\n<p>Der invenio Gesch\u00e4ftsf\u00fchrer Hermann Gaigl und ein Experte der BMW Group halten einen gemeinsamen Fachvortrag auf der internen BMW Group IT Messe 2018 in M\u00fcnchen. Der flexible Software-Baukasten 'VT-DMU' unterst\u00fctzt die BMW Group dabei, die innovativen Prozesse im digitalen Produkt in 100% agilen Projekten zu realisieren.<\/p>\n","protected":false},"author":3,"featured_media":0,"comment_status":"closed","ping_status":"closed","sticky":false,"template":"","format":"standard","meta":{"_acf_changed":false,"footnotes":""},"categories":[28,23],"tags":[],"class_list":["post-36325","post","type-post","status-publish","format-standard","hentry","category-ki","category-virtual-technologies"],"acf":[],"yoast_head":"<!-- This site is optimized with the Yoast SEO plugin v27.0 - https:\/\/yoast.com\/product\/yoast-seo-wordpress\/ -->\n<title>Vom intelligenten Algorithmus zur KI<\/title>\n<meta name=\"description\" content=\"Der invenio Gesch\u00e4ftsf\u00fchrer Hermann Gaigl und ein Experte der BMW Group halten einen gemeinsamen Fachvortrag.\" \/>\n<meta name=\"robots\" content=\"index, follow, max-snippet:-1, max-image-preview:large, max-video-preview:-1\" \/>\n<link rel=\"canonical\" href=\"https:\/\/www.invenio.net\/virtual-technologies\/de\/blog\/2018\/09\/27\/vom-intelligenten-algorithmus-zur-kuenstlichen-intelligenz\/\" \/>\n<meta property=\"og:locale\" content=\"de_DE\" \/>\n<meta property=\"og:type\" content=\"article\" \/>\n<meta property=\"og:title\" content=\"Vom intelligenten Algorithmus zur KI\" \/>\n<meta property=\"og:description\" content=\"Der invenio Gesch\u00e4ftsf\u00fchrer Hermann Gaigl und ein Experte der BMW Group halten einen gemeinsamen Fachvortrag.\" \/>\n<meta property=\"og:url\" content=\"https:\/\/www.invenio.net\/virtual-technologies\/de\/blog\/2018\/09\/27\/vom-intelligenten-algorithmus-zur-kuenstlichen-intelligenz\/\" \/>\n<meta property=\"og:site_name\" content=\"invenio Virtual Technologies\" \/>\n<meta property=\"article:published_time\" content=\"2018-09-27T13:02:57+00:00\" \/>\n<meta property=\"article:modified_time\" content=\"2024-05-06T07:26:47+00:00\" \/>\n<meta property=\"og:image\" content=\"https:\/\/www.invenio.net\/wp-content\/uploads\/2018\/09\/20200710_Ankuendigung_BMW-IT-Messe.jpg\" \/>\n<meta name=\"author\" content=\"invenio\" \/>\n<meta name=\"twitter:card\" content=\"summary_large_image\" \/>\n<meta name=\"twitter:label1\" content=\"Verfasst von\" \/>\n\t<meta name=\"twitter:data1\" content=\"invenio\" \/>\n\t<meta name=\"twitter:label2\" content=\"Gesch\u00e4tzte Lesezeit\" \/>\n\t<meta name=\"twitter:data2\" content=\"2\u00a0Minuten\" \/>\n<script type=\"application\/ld+json\" class=\"yoast-schema-graph\">{\"@context\":\"https:\/\/schema.org\",\"@graph\":[{\"@type\":\"Article\",\"@id\":\"https:\/\/www.invenio.net\/virtual-technologies\/de\/blog\/2018\/09\/27\/vom-intelligenten-algorithmus-zur-kuenstlichen-intelligenz\/#article\",\"isPartOf\":{\"@id\":\"https:\/\/www.invenio.net\/virtual-technologies\/de\/blog\/2018\/09\/27\/vom-intelligenten-algorithmus-zur-kuenstlichen-intelligenz\/\"},\"author\":{\"name\":\"invenio\",\"@id\":\"https:\/\/www.invenio.net\/virtual-technologies\/de\/#\/schema\/person\/3387b3eb69364567c80575f768287b10\"},\"headline\":\"Vom intelligenten Algorithmus zur k\u00fcnstlichen Intelligenz\",\"datePublished\":\"2018-09-27T13:02:57+00:00\",\"dateModified\":\"2024-05-06T07:26:47+00:00\",\"mainEntityOfPage\":{\"@id\":\"https:\/\/www.invenio.net\/virtual-technologies\/de\/blog\/2018\/09\/27\/vom-intelligenten-algorithmus-zur-kuenstlichen-intelligenz\/\"},\"wordCount\":168,\"image\":{\"@id\":\"https:\/\/www.invenio.net\/virtual-technologies\/de\/blog\/2018\/09\/27\/vom-intelligenten-algorithmus-zur-kuenstlichen-intelligenz\/#primaryimage\"},\"thumbnailUrl\":\"https:\/\/www.invenio.net\/wp-content\/uploads\/20200710_Ankuendigung_BMW-IT-Messe-300x234.jpg\",\"articleSection\":[\"KI\",\"Virtual Technologies\"],\"inLanguage\":\"de\"},{\"@type\":\"WebPage\",\"@id\":\"https:\/\/www.invenio.net\/virtual-technologies\/de\/blog\/2018\/09\/27\/vom-intelligenten-algorithmus-zur-kuenstlichen-intelligenz\/\",\"url\":\"https:\/\/www.invenio.net\/virtual-technologies\/de\/blog\/2018\/09\/27\/vom-intelligenten-algorithmus-zur-kuenstlichen-intelligenz\/\",\"name\":\"Vom intelligenten Algorithmus zur KI\",\"isPartOf\":{\"@id\":\"https:\/\/www.invenio.net\/virtual-technologies\/de\/#website\"},\"primaryImageOfPage\":{\"@id\":\"https:\/\/www.invenio.net\/virtual-technologies\/de\/blog\/2018\/09\/27\/vom-intelligenten-algorithmus-zur-kuenstlichen-intelligenz\/#primaryimage\"},\"image\":{\"@id\":\"https:\/\/www.invenio.net\/virtual-technologies\/de\/blog\/2018\/09\/27\/vom-intelligenten-algorithmus-zur-kuenstlichen-intelligenz\/#primaryimage\"},\"thumbnailUrl\":\"https:\/\/www.invenio.net\/wp-content\/uploads\/20200710_Ankuendigung_BMW-IT-Messe-300x234.jpg\",\"datePublished\":\"2018-09-27T13:02:57+00:00\",\"dateModified\":\"2024-05-06T07:26:47+00:00\",\"author\":{\"@id\":\"https:\/\/www.invenio.net\/virtual-technologies\/de\/#\/schema\/person\/3387b3eb69364567c80575f768287b10\"},\"description\":\"Der invenio Gesch\u00e4ftsf\u00fchrer Hermann Gaigl und ein Experte der BMW Group halten einen gemeinsamen Fachvortrag.\",\"breadcrumb\":{\"@id\":\"https:\/\/www.invenio.net\/virtual-technologies\/de\/blog\/2018\/09\/27\/vom-intelligenten-algorithmus-zur-kuenstlichen-intelligenz\/#breadcrumb\"},\"inLanguage\":\"de\",\"potentialAction\":[{\"@type\":\"ReadAction\",\"target\":[\"https:\/\/www.invenio.net\/virtual-technologies\/de\/blog\/2018\/09\/27\/vom-intelligenten-algorithmus-zur-kuenstlichen-intelligenz\/\"]}]},{\"@type\":\"ImageObject\",\"inLanguage\":\"de\",\"@id\":\"https:\/\/www.invenio.net\/virtual-technologies\/de\/blog\/2018\/09\/27\/vom-intelligenten-algorithmus-zur-kuenstlichen-intelligenz\/#primaryimage\",\"url\":\"https:\/\/www.invenio.net\/wp-content\/uploads\/20200710_Ankuendigung_BMW-IT-Messe-300x234.jpg\",\"contentUrl\":\"https:\/\/www.invenio.net\/wp-content\/uploads\/20200710_Ankuendigung_BMW-IT-Messe-300x234.jpg\"},{\"@type\":\"BreadcrumbList\",\"@id\":\"https:\/\/www.invenio.net\/virtual-technologies\/de\/blog\/2018\/09\/27\/vom-intelligenten-algorithmus-zur-kuenstlichen-intelligenz\/#breadcrumb\",\"itemListElement\":[{\"@type\":\"ListItem\",\"position\":1,\"name\":\"Startseite Virtual Technologies\",\"item\":\"https:\/\/www.invenio.net\/virtual-technologies\/de\/\"},{\"@type\":\"ListItem\",\"position\":2,\"name\":\"Virtual Technologies\",\"item\":\"https:\/\/www.invenio.net\/virtual-technologies\/de\/blog\/category\/virtual-technologies\/\"},{\"@type\":\"ListItem\",\"position\":3,\"name\":\"Vom intelligenten Algorithmus zur k\u00fcnstlichen Intelligenz\"}]},{\"@type\":\"WebSite\",\"@id\":\"https:\/\/www.invenio.net\/virtual-technologies\/de\/#website\",\"url\":\"https:\/\/www.invenio.net\/virtual-technologies\/de\/\",\"name\":\"invenio Virtual Technologies\",\"description\":\"\",\"potentialAction\":[{\"@type\":\"SearchAction\",\"target\":{\"@type\":\"EntryPoint\",\"urlTemplate\":\"https:\/\/www.invenio.net\/virtual-technologies\/de\/?s={search_term_string}\"},\"query-input\":{\"@type\":\"PropertyValueSpecification\",\"valueRequired\":true,\"valueName\":\"search_term_string\"}}],\"inLanguage\":\"de\"},{\"@type\":\"Person\",\"@id\":\"https:\/\/www.invenio.net\/virtual-technologies\/de\/#\/schema\/person\/3387b3eb69364567c80575f768287b10\",\"name\":\"invenio\",\"image\":{\"@type\":\"ImageObject\",\"inLanguage\":\"de\",\"@id\":\"https:\/\/www.invenio.net\/virtual-technologies\/de\/#\/schema\/person\/image\/\",\"url\":\"https:\/\/secure.gravatar.com\/avatar\/bd92291d876dd89ec5267bbf47f7c5ae2bd9fb7bea0bfde563ec2d4b3bd35639?s=96&d=mm&r=g\",\"contentUrl\":\"https:\/\/secure.gravatar.com\/avatar\/bd92291d876dd89ec5267bbf47f7c5ae2bd9fb7bea0bfde563ec2d4b3bd35639?s=96&d=mm&r=g\",\"caption\":\"invenio\"},\"url\":\"https:\/\/www.invenio.net\/virtual-technologies\/de\/blog\/author\/invenio\/\"}]}<\/script>\n<!-- \/ Yoast SEO plugin. -->","yoast_head_json":{"title":"Vom intelligenten Algorithmus zur KI","description":"Der invenio Gesch\u00e4ftsf\u00fchrer Hermann Gaigl und ein Experte der BMW Group halten einen gemeinsamen Fachvortrag.","robots":{"index":"index","follow":"follow","max-snippet":"max-snippet:-1","max-image-preview":"max-image-preview:large","max-video-preview":"max-video-preview:-1"},"canonical":"https:\/\/www.invenio.net\/virtual-technologies\/de\/blog\/2018\/09\/27\/vom-intelligenten-algorithmus-zur-kuenstlichen-intelligenz\/","og_locale":"de_DE","og_type":"article","og_title":"Vom intelligenten Algorithmus zur KI","og_description":"Der invenio Gesch\u00e4ftsf\u00fchrer Hermann Gaigl und ein Experte der BMW Group halten einen gemeinsamen Fachvortrag.","og_url":"https:\/\/www.invenio.net\/virtual-technologies\/de\/blog\/2018\/09\/27\/vom-intelligenten-algorithmus-zur-kuenstlichen-intelligenz\/","og_site_name":"invenio Virtual Technologies","article_published_time":"2018-09-27T13:02:57+00:00","article_modified_time":"2024-05-06T07:26:47+00:00","og_image":[{"url":"https:\/\/www.invenio.net\/wp-content\/uploads\/2018\/09\/20200710_Ankuendigung_BMW-IT-Messe.jpg","type":"","width":"","height":""}],"author":"invenio","twitter_card":"summary_large_image","twitter_misc":{"Verfasst von":"invenio","Gesch\u00e4tzte Lesezeit":"2\u00a0Minuten"},"schema":{"@context":"https:\/\/schema.org","@graph":[{"@type":"Article","@id":"https:\/\/www.invenio.net\/virtual-technologies\/de\/blog\/2018\/09\/27\/vom-intelligenten-algorithmus-zur-kuenstlichen-intelligenz\/#article","isPartOf":{"@id":"https:\/\/www.invenio.net\/virtual-technologies\/de\/blog\/2018\/09\/27\/vom-intelligenten-algorithmus-zur-kuenstlichen-intelligenz\/"},"author":{"name":"invenio","@id":"https:\/\/www.invenio.net\/virtual-technologies\/de\/#\/schema\/person\/3387b3eb69364567c80575f768287b10"},"headline":"Vom intelligenten Algorithmus zur k\u00fcnstlichen Intelligenz","datePublished":"2018-09-27T13:02:57+00:00","dateModified":"2024-05-06T07:26:47+00:00","mainEntityOfPage":{"@id":"https:\/\/www.invenio.net\/virtual-technologies\/de\/blog\/2018\/09\/27\/vom-intelligenten-algorithmus-zur-kuenstlichen-intelligenz\/"},"wordCount":168,"image":{"@id":"https:\/\/www.invenio.net\/virtual-technologies\/de\/blog\/2018\/09\/27\/vom-intelligenten-algorithmus-zur-kuenstlichen-intelligenz\/#primaryimage"},"thumbnailUrl":"https:\/\/www.invenio.net\/wp-content\/uploads\/20200710_Ankuendigung_BMW-IT-Messe-300x234.jpg","articleSection":["KI","Virtual Technologies"],"inLanguage":"de"},{"@type":"WebPage","@id":"https:\/\/www.invenio.net\/virtual-technologies\/de\/blog\/2018\/09\/27\/vom-intelligenten-algorithmus-zur-kuenstlichen-intelligenz\/","url":"https:\/\/www.invenio.net\/virtual-technologies\/de\/blog\/2018\/09\/27\/vom-intelligenten-algorithmus-zur-kuenstlichen-intelligenz\/","name":"Vom intelligenten Algorithmus zur KI","isPartOf":{"@id":"https:\/\/www.invenio.net\/virtual-technologies\/de\/#website"},"primaryImageOfPage":{"@id":"https:\/\/www.invenio.net\/virtual-technologies\/de\/blog\/2018\/09\/27\/vom-intelligenten-algorithmus-zur-kuenstlichen-intelligenz\/#primaryimage"},"image":{"@id":"https:\/\/www.invenio.net\/virtual-technologies\/de\/blog\/2018\/09\/27\/vom-intelligenten-algorithmus-zur-kuenstlichen-intelligenz\/#primaryimage"},"thumbnailUrl":"https:\/\/www.invenio.net\/wp-content\/uploads\/20200710_Ankuendigung_BMW-IT-Messe-300x234.jpg","datePublished":"2018-09-27T13:02:57+00:00","dateModified":"2024-05-06T07:26:47+00:00","author":{"@id":"https:\/\/www.invenio.net\/virtual-technologies\/de\/#\/schema\/person\/3387b3eb69364567c80575f768287b10"},"description":"Der invenio Gesch\u00e4ftsf\u00fchrer Hermann Gaigl und ein Experte der BMW Group halten einen gemeinsamen Fachvortrag.","breadcrumb":{"@id":"https:\/\/www.invenio.net\/virtual-technologies\/de\/blog\/2018\/09\/27\/vom-intelligenten-algorithmus-zur-kuenstlichen-intelligenz\/#breadcrumb"},"inLanguage":"de","potentialAction":[{"@type":"ReadAction","target":["https:\/\/www.invenio.net\/virtual-technologies\/de\/blog\/2018\/09\/27\/vom-intelligenten-algorithmus-zur-kuenstlichen-intelligenz\/"]}]},{"@type":"ImageObject","inLanguage":"de","@id":"https:\/\/www.invenio.net\/virtual-technologies\/de\/blog\/2018\/09\/27\/vom-intelligenten-algorithmus-zur-kuenstlichen-intelligenz\/#primaryimage","url":"https:\/\/www.invenio.net\/wp-content\/uploads\/20200710_Ankuendigung_BMW-IT-Messe-300x234.jpg","contentUrl":"https:\/\/www.invenio.net\/wp-content\/uploads\/20200710_Ankuendigung_BMW-IT-Messe-300x234.jpg"},{"@type":"BreadcrumbList","@id":"https:\/\/www.invenio.net\/virtual-technologies\/de\/blog\/2018\/09\/27\/vom-intelligenten-algorithmus-zur-kuenstlichen-intelligenz\/#breadcrumb","itemListElement":[{"@type":"ListItem","position":1,"name":"Startseite Virtual Technologies","item":"https:\/\/www.invenio.net\/virtual-technologies\/de\/"},{"@type":"ListItem","position":2,"name":"Virtual Technologies","item":"https:\/\/www.invenio.net\/virtual-technologies\/de\/blog\/category\/virtual-technologies\/"},{"@type":"ListItem","position":3,"name":"Vom intelligenten Algorithmus zur k\u00fcnstlichen Intelligenz"}]},{"@type":"WebSite","@id":"https:\/\/www.invenio.net\/virtual-technologies\/de\/#website","url":"https:\/\/www.invenio.net\/virtual-technologies\/de\/","name":"invenio Virtual Technologies","description":"","potentialAction":[{"@type":"SearchAction","target":{"@type":"EntryPoint","urlTemplate":"https:\/\/www.invenio.net\/virtual-technologies\/de\/?s={search_term_string}"},"query-input":{"@type":"PropertyValueSpecification","valueRequired":true,"valueName":"search_term_string"}}],"inLanguage":"de"},{"@type":"Person","@id":"https:\/\/www.invenio.net\/virtual-technologies\/de\/#\/schema\/person\/3387b3eb69364567c80575f768287b10","name":"invenio","image":{"@type":"ImageObject","inLanguage":"de","@id":"https:\/\/www.invenio.net\/virtual-technologies\/de\/#\/schema\/person\/image\/","url":"https:\/\/secure.gravatar.com\/avatar\/bd92291d876dd89ec5267bbf47f7c5ae2bd9fb7bea0bfde563ec2d4b3bd35639?s=96&d=mm&r=g","contentUrl":"https:\/\/secure.gravatar.com\/avatar\/bd92291d876dd89ec5267bbf47f7c5ae2bd9fb7bea0bfde563ec2d4b3bd35639?s=96&d=mm&r=g","caption":"invenio"},"url":"https:\/\/www.invenio.net\/virtual-technologies\/de\/blog\/author\/invenio\/"}]}},"_links":{"self":[{"href":"https:\/\/www.invenio.net\/virtual-technologies\/de\/wp-json\/wp\/v2\/posts\/36325","targetHints":{"allow":["GET"]}}],"collection":[{"href":"https:\/\/www.invenio.net\/virtual-technologies\/de\/wp-json\/wp\/v2\/posts"}],"about":[{"href":"https:\/\/www.invenio.net\/virtual-technologies\/de\/wp-json\/wp\/v2\/types\/post"}],"author":[{"embeddable":true,"href":"https:\/\/www.invenio.net\/virtual-technologies\/de\/wp-json\/wp\/v2\/users\/3"}],"replies":[{"embeddable":true,"href":"https:\/\/www.invenio.net\/virtual-technologies\/de\/wp-json\/wp\/v2\/comments?post=36325"}],"version-history":[{"count":1,"href":"https:\/\/www.invenio.net\/virtual-technologies\/de\/wp-json\/wp\/v2\/posts\/36325\/revisions"}],"predecessor-version":[{"id":37761,"href":"https:\/\/www.invenio.net\/virtual-technologies\/de\/wp-json\/wp\/v2\/posts\/36325\/revisions\/37761"}],"wp:attachment":[{"href":"https:\/\/www.invenio.net\/virtual-technologies\/de\/wp-json\/wp\/v2\/media?parent=36325"}],"wp:term":[{"taxonomy":"category","embeddable":true,"href":"https:\/\/www.invenio.net\/virtual-technologies\/de\/wp-json\/wp\/v2\/categories?post=36325"},{"taxonomy":"post_tag","embeddable":true,"href":"https:\/\/www.invenio.net\/virtual-technologies\/de\/wp-json\/wp\/v2\/tags?post=36325"}],"curies":[{"name":"wp","href":"https:\/\/api.w.org\/{rel}","templated":true}]}}